{"id":898,"date":"2018-05-14T23:00:00","date_gmt":"2018-05-14T23:00:00","guid":{"rendered":"http:\/\/www.112canarias.com\/112\/2018\/05\/14\/acto-institucional-del-xx-aniversario\/"},"modified":"2018-05-14T23:00:00","modified_gmt":"2018-05-14T23:00:00","slug":"acto-institucional-del-xx-aniversario","status":"publish","type":"post","link":"https:\/\/www.112canarias.com\/112\/acto-institucional-del-xx-aniversario\/","title":{"rendered":"Acto institucional"},"content":{"rendered":"<p style=\"text-align: justify;\"><span style=\"font-size: 12.16px;\"><\/span><\/p>\n<p class=\"xtxt07gr3\" style=\"text-align: justify;\">\u00a0<\/p>\n<p class=\"xtxt07gr3\" style=\"text-align: justify;\">El Centro Coordinador de Emergencias y Seguridad (CECOES) 1-1-2, servicio de la Consejer\u00eda de Pol\u00edtica Territorial, Sostenibilidad y Seguridad del Gobierno de Canarias, cumple 20 a\u00f1os desde su puesta en marcha el 30 de mayo de 1998, tiempo en el que se ha convertido en un servicio p\u00fablico imprescindible para todos los canarios y los turistas que nos visitan cada a\u00f1o.<\/p>\n<p style=\"text-align: justify;\">Al Acto Institucional celebrado en la sede de Presidencia en Santa Cruz de Tenerife y presidido por la Consejera de Pol\u00edtica Territorial, Sostenibilidad y Seguridad del Gobierno de Canarias, Nieves Lady Barreto, han asistido los m\u00e1ximos responsables del Centro Coordinador, de la empresa p\u00fablica que lo gestiona GSC y de la Direcci\u00f3n General de Seguridad y Emergencias, as\u00ed como representantes de los distintos servicios de emergencias que hacen posible que el 1-1-2 atienda las emergencias bajo un modelo integral de gesti\u00f3n. Estos servicios de seguridad y emergencias y una representaci\u00f3n de los trabajadores de las salas operativas recibieron el reconocimiento a la colaboraci\u00f3n y esfuerzo diarios que ha llevado a la consolidaci\u00f3n de este servicio.<\/p>\n<p style=\"text-align: justify;\">\u00a0<\/p>\n<ul>\n<li><a href=\"https:\/\/www.youtube.com\/watch?v=xZl9lKQwfXo\" target=\"_blank\" style=\"font-size: 12.16px;\" rel=\"noopener\">V\u00eddeo del Acto Institucional<\/a><\/li>\n<li><a href=\"galerias\/XXAniversario112canarias\/indexXXaniversario112canarias.html\" target=\"_blank\" style=\"font-size: 12.16px;\" rel=\"noopener\">Galer\u00eda de im\u00e1genes del Acto Institucional<\/a><\/li>\n<\/ul>\n<p style=\"text-align: justify;\">\u00a0<\/p>\n<p style=\"text-align: justify;\"><strong>Noticias relacionadas.<\/strong><\/p>\n<p style=\"text-align: justify;\">15\/06\/2018 &#8211;\u00a0\u00a0<a href=\"index.php\/homepage\/86-noticias\/ultimasnoticas\/442-el-1-1-2-canarias-distingue-en-su-xx-aniversario-a-los-servicios-de-emergencia-del-archipielago\" style=\"font-family: Arial, Helvetica, sans-serif; font-size: 14px;\">El 1-1-2 Canarias distingue en su XX aniversario a los servicios de emergencia del Archipi\u00e9lago<\/a><\/p>\n<p style=\"text-align: justify;\">\u00a0<\/p>\n<p style=\"text-align: justify;\">\u00a0<\/p>\n<div class=\"pvc_clear\"><\/div>\n<p id=\"pvc_stats_898\" class=\"pvc_stats all  \" data-element-id=\"898\" style=\"\"><i class=\"pvc-stats-icon medium\" aria-hidden=\"true\"><svg aria-hidden=\"true\" focusable=\"false\" data-prefix=\"far\" data-icon=\"chart-bar\" role=\"img\" xmlns=\"http:\/\/www.w3.org\/2000\/svg\" viewBox=\"0 0 512 512\" class=\"svg-inline--fa fa-chart-bar fa-w-16 fa-2x\"><path fill=\"currentColor\" d=\"M396.8 352h22.4c6.4 0 12.8-6.4 12.8-12.8V108.8c0-6.4-6.4-12.8-12.8-12.8h-22.4c-6.4 0-12.8 6.4-12.8 12.8v230.4c0 6.4 6.4 12.8 12.8 12.8zm-192 0h22.4c6.4 0 12.8-6.4 12.8-12.8V140.8c0-6.4-6.4-12.8-12.8-12.8h-22.4c-6.4 0-12.8 6.4-12.8 12.8v198.4c0 6.4 6.4 12.8 12.8 12.8zm96 0h22.4c6.4 0 12.8-6.4 12.8-12.8V204.8c0-6.4-6.4-12.8-12.8-12.8h-22.4c-6.4 0-12.8 6.4-12.8 12.8v134.4c0 6.4 6.4 12.8 12.8 12.8zM496 400H48V80c0-8.84-7.16-16-16-16H16C7.16 64 0 71.16 0 80v336c0 17.67 14.33 32 32 32h464c8.84 0 16-7.16 16-16v-16c0-8.84-7.16-16-16-16zm-387.2-48h22.4c6.4 0 12.8-6.4 12.8-12.8v-70.4c0-6.4-6.4-12.8-12.8-12.8h-22.4c-6.4 0-12.8 6.4-12.8 12.8v70.4c0 6.4 6.4 12.8 12.8 12.8z\" class=\"\"><\/path><\/svg><\/i> <\/p>\n<div class=\"pvc_clear\"><\/div>\n<div class=\"print\"><span class=\"page_title\">P\u00e1gina: <span>Acto institucional<\/span><\/span>\n\t\t\t\t\t\t\t\t\t\t\t<span class=\"stmp_trans_date\">\u00daltima actualizaci\u00f3n: <span>14\/05\/2018 - 23:00:00<\/span><\/span>\n\t\t\t\t\t\t\t\t\t\t\t<span class=\"stmp_trans_date\">Fecha publicaci\u00f3n: <span>14\/05\/2018 - 23:00:00<\/span><\/span>\n\t\t\t\t\t\t\t\t\t\t\t<span class=\"stmp_trans_date\">Fecha creaci\u00f3n: <span>14\/05\/2018 - 23:00:00<\/span><\/span><\/div>","protected":false},"excerpt":{"rendered":"<p>\u00a0 El Centro Coordinador de Emergencias y Seguridad (CECOES) 1-1-2, servicio de la Consejer\u00eda de Pol\u00edtica Territorial, Sostenibilidad y Seguridad del Gobierno de Canarias, cumple 20 a\u00f1os desde su puesta en marcha el 30 de mayo de 1998, tiempo en el que se ha convertido&#8230;<\/p>\n<div class=\"pvc_clear\"><\/div>\n<p id=\"pvc_stats_898\" class=\"pvc_stats all  \" data-element-id=\"898\" style=\"\"><i class=\"pvc-stats-icon medium\" aria-hidden=\"true\"><svg aria-hidden=\"true\" focusable=\"false\" data-prefix=\"far\" data-icon=\"chart-bar\" role=\"img\" xmlns=\"http:\/\/www.w3.org\/2000\/svg\" viewBox=\"0 0 512 512\" class=\"svg-inline--fa fa-chart-bar fa-w-16 fa-2x\"><path fill=\"currentColor\" d=\"M396.8 352h22.4c6.4 0 12.8-6.4 12.8-12.8V108.8c0-6.4-6.4-12.8-12.8-12.8h-22.4c-6.4 0-12.8 6.4-12.8 12.8v230.4c0 6.4 6.4 12.8 12.8 12.8zm-192 0h22.4c6.4 0 12.8-6.4 12.8-12.8V140.8c0-6.4-6.4-12.8-12.8-12.8h-22.4c-6.4 0-12.8 6.4-12.8 12.8v198.4c0 6.4 6.4 12.8 12.8 12.8zm96 0h22.4c6.4 0 12.8-6.4 12.8-12.8V204.8c0-6.4-6.4-12.8-12.8-12.8h-22.4c-6.4 0-12.8 6.4-12.8 12.8v134.4c0 6.4 6.4 12.8 12.8 12.8zM496 400H48V80c0-8.84-7.16-16-16-16H16C7.16 64 0 71.16 0 80v336c0 17.67 14.33 32 32 32h464c8.84 0 16-7.16 16-16v-16c0-8.84-7.16-16-16-16zm-387.2-48h22.4c6.4 0 12.8-6.4 12.8-12.8v-70.4c0-6.4-6.4-12.8-12.8-12.8h-22.4c-6.4 0-12.8 6.4-12.8 12.8v70.4c0 6.4 6.4 12.8 12.8 12.8z\" class=\"\"><\/path><\/svg><\/i> <img loading=\"lazy\" decoding=\"async\" width=\"16\" height=\"16\" alt=\"Loading\" src=\"https:\/\/www.112canarias.com\/112\/wp-content\/plugins\/page-views-count\/ajax-loader-2x.gif\" border=0 \/><\/p>\n<div class=\"pvc_clear\"><\/div>\n","protected":false},"author":1,"featured_media":0,"comment_status":"open","ping_status":"open","sticky":false,"template":"","format":"standard","meta":{"footnotes":""},"categories":[14],"tags":[],"class_list":["post-898","post","type-post","status-publish","format-standard","has-post-thumbnail","hentry","category-menuscategoria"],"_links":{"self":[{"href":"https:\/\/www.112canarias.com\/112\/wp-json\/wp\/v2\/posts\/898","targetHints":{"allow":["GET"]}}],"collection":[{"href":"https:\/\/www.112canarias.com\/112\/wp-json\/wp\/v2\/posts"}],"about":[{"href":"https:\/\/www.112canarias.com\/112\/wp-json\/wp\/v2\/types\/post"}],"author":[{"embeddable":true,"href":"https:\/\/www.112canarias.com\/112\/wp-json\/wp\/v2\/users\/1"}],"replies":[{"embeddable":true,"href":"https:\/\/www.112canarias.com\/112\/wp-json\/wp\/v2\/comments?post=898"}],"version-history":[{"count":0,"href":"https:\/\/www.112canarias.com\/112\/wp-json\/wp\/v2\/posts\/898\/revisions"}],"wp:attachment":[{"href":"https:\/\/www.112canarias.com\/112\/wp-json\/wp\/v2\/media?parent=898"}],"wp:term":[{"taxonomy":"category","embeddable":true,"href":"https:\/\/www.112canarias.com\/112\/wp-json\/wp\/v2\/categories?post=898"},{"taxonomy":"post_tag","embeddable":true,"href":"https:\/\/www.112canarias.com\/112\/wp-json\/wp\/v2\/tags?post=898"}],"curies":[{"name":"wp","href":"https:\/\/api.w.org\/{rel}","templated":true}]}}