{"id":9269,"date":"2025-05-09T16:21:29","date_gmt":"2025-05-09T16:21:29","guid":{"rendered":"https:\/\/www.112canarias.com\/112\/?p=9269"},"modified":"2025-05-09T16:21:29","modified_gmt":"2025-05-09T16:21:29","slug":"el-gobierno-de-canarias-declara-la-situacion-de-prealerta-por-viento-ante-la-prevision-de-rachas-muy-fuertes","status":"publish","type":"post","link":"https:\/\/www.112canarias.com\/112\/el-gobierno-de-canarias-declara-la-situacion-de-prealerta-por-viento-ante-la-prevision-de-rachas-muy-fuertes\/","title":{"rendered":"El Gobierno de Canarias declara la situaci\u00f3n de prealerta por viento ante la previsi\u00f3n de rachas muy fuertes"},"content":{"rendered":"<blockquote><p>Esta situaci\u00f3n estar\u00e1 activa a partir de la pr\u00f3xima medianoche en las islas occidentales y Gran Canaria<\/p>\n<p>Las rachas m\u00e1s intensas afectar\u00e1n especialmente a las cumbres de La Palma, Tenerife y Gran Canaria<\/p><\/blockquote>\n<p><strong>La Direcci\u00f3n General de Emergencias del Gobierno de Canarias ha declarado la situaci\u00f3n de prealerta por viento que afectar\u00e1 a las islas de Tenerife, La Palma, El Hierro, La Gomera y Gran Canaria a partir de la medianoche de este s\u00e1bado, 10 de mayo, debido al paso de una borrasca fr\u00eda atl\u00e1ntica cuyo centro pasar\u00e1 entre Canarias y Madeira.<\/strong><\/p>\n<p>Esta decisi\u00f3n se ha tomado en base a la informaci\u00f3n facilitada por la Agencia Estatal de Meteorolog\u00eda y otras fuentes disponibles, y en aplicaci\u00f3n del Plan Espec\u00edfico de Emergencias de Canarias por Riesgos de Fen\u00f3menos Meteorol\u00f3gicos Adversos (PEFMA) y del Plan Especial de Protecci\u00f3n Civil y Atenci\u00f3n de Emergencias por riesgo de inundaciones de la Comunidad Aut\u00f3noma de Canarias.<\/p>\n<p>La previsi\u00f3n apunta viento del suroeste moderado a fuerte con probables rachas muy fuertes. La velocidad media del viento ser\u00e1 de 30 \u2013 50 kil\u00f3metros por hora y se esperan rachas m\u00e1ximas de entre 60 y 80 kil\u00f3metros por hora. Las m\u00e1s intensas afectar\u00e1n a las zonas altas, la cumbre y las median\u00edas del este de La Palma; el Parque Nacional del Teide, el noroeste y el sureste de Tenerife; as\u00ed como el noroeste y la cumbre de Gran Canaria. En este sentido, se prev\u00e9 que el viento cambi\u00e9 de direcci\u00f3n y pierda intensidad durante la madrugada del domingo.<\/p>\n<p>Adem\u00e1s, se esperan lluvias d\u00e9biles o localmente moderadas en la vertiente oeste y sur de las islas de mayor relieve y en algunos puntos de Lanzarote y Fuerteventura.<\/p>\n<p><strong>Recomendaciones de autoprotecci\u00f3n<\/strong><\/p>\n<p>Ante esta situaci\u00f3n, el Gobierno de Canarias recomienda a la poblaci\u00f3n que ponga en pr\u00e1ctica recomendaciones de autoprotecci\u00f3n para prevenir y evitar situaciones de riesgo relacionadas con el viento. Se recuerda que, para evitar accidentes, es importante retirar de ventanas, balcones y azoteas las macetas y aquellos objetos que puedan caer a la calle.<\/p>\n<p>Asimismo, se aconseja no acercarse a edificaciones en construcci\u00f3n o en mal estado, ni a andamios, gr\u00faas, letreros luminosos, vallas publicitarias o cualquier otro elemento que pueda ser arrastrado por el viento.<\/p>\n<p>En lo referido a los desplazamientos, tanto si se realiza en un veh\u00edculo como a pie, es necesario extremar la precauci\u00f3n ante posibles obst\u00e1culos en la v\u00eda, como ramas de \u00e1rboles o mobiliario urbano, y evitar caminar por jardines o zonas arboladas, entre otros consejos.<\/p>\n<p>Tambi\u00e9n, en las zonas afectadas por este fen\u00f3meno meteorol\u00f3gico, se recomienda evitar salir de excursi\u00f3n o realizar acampadas hasta que se restablezca la normalidad.<\/p>\n<p>En cualquier caso, ante una situaci\u00f3n de emergencia, se debe llamar inmediatamente al 112.<\/p>\n<div class=\"pvc_clear\"><\/div>\n<p id=\"pvc_stats_9269\" class=\"pvc_stats all  \" data-element-id=\"9269\" style=\"\"><i class=\"pvc-stats-icon medium\" aria-hidden=\"true\"><svg aria-hidden=\"true\" focusable=\"false\" data-prefix=\"far\" data-icon=\"chart-bar\" role=\"img\" xmlns=\"http:\/\/www.w3.org\/2000\/svg\" viewBox=\"0 0 512 512\" class=\"svg-inline--fa fa-chart-bar fa-w-16 fa-2x\"><path fill=\"currentColor\" d=\"M396.8 352h22.4c6.4 0 12.8-6.4 12.8-12.8V108.8c0-6.4-6.4-12.8-12.8-12.8h-22.4c-6.4 0-12.8 6.4-12.8 12.8v230.4c0 6.4 6.4 12.8 12.8 12.8zm-192 0h22.4c6.4 0 12.8-6.4 12.8-12.8V140.8c0-6.4-6.4-12.8-12.8-12.8h-22.4c-6.4 0-12.8 6.4-12.8 12.8v198.4c0 6.4 6.4 12.8 12.8 12.8zm96 0h22.4c6.4 0 12.8-6.4 12.8-12.8V204.8c0-6.4-6.4-12.8-12.8-12.8h-22.4c-6.4 0-12.8 6.4-12.8 12.8v134.4c0 6.4 6.4 12.8 12.8 12.8zM496 400H48V80c0-8.84-7.16-16-16-16H16C7.16 64 0 71.16 0 80v336c0 17.67 14.33 32 32 32h464c8.84 0 16-7.16 16-16v-16c0-8.84-7.16-16-16-16zm-387.2-48h22.4c6.4 0 12.8-6.4 12.8-12.8v-70.4c0-6.4-6.4-12.8-12.8-12.8h-22.4c-6.4 0-12.8 6.4-12.8 12.8v70.4c0 6.4 6.4 12.8 12.8 12.8z\" class=\"\"><\/path><\/svg><\/i> <\/p>\n<div class=\"pvc_clear\"><\/div>\n<div class=\"print\"><span class=\"page_title\">P\u00e1gina: <span>El Gobierno de Canarias declara la situaci\u00f3n de prealerta por viento ante la previsi\u00f3n de rachas muy fuertes<\/span><\/span>\n\t\t\t\t\t\t\t\t\t\t\t<span class=\"stmp_trans_date\">\u00daltima actualizaci\u00f3n: <span>09\/05\/2025 - 16:21:29<\/span><\/span>\n\t\t\t\t\t\t\t\t\t\t\t<span class=\"stmp_trans_date\">Fecha publicaci\u00f3n: <span>09\/05\/2025 - 16:21:29<\/span><\/span>\n\t\t\t\t\t\t\t\t\t\t\t<span class=\"stmp_trans_date\">Fecha creaci\u00f3n: <span>09\/05\/2025 - 16:21:29<\/span><\/span><\/div>","protected":false},"excerpt":{"rendered":"<p>Esta situaci\u00f3n estar\u00e1 activa a partir de la pr\u00f3xima medianoche en las islas occidentales y Gran Canaria Las rachas m\u00e1s intensas afectar\u00e1n especialmente a las cumbres de La Palma, Tenerife y Gran Canaria La Direcci\u00f3n General de Emergencias del Gobierno de Canarias ha declarado la&#8230;<\/p>\n<div class=\"pvc_clear\"><\/div>\n<p id=\"pvc_stats_9269\" class=\"pvc_stats all  \" data-element-id=\"9269\" style=\"\"><i class=\"pvc-stats-icon medium\" aria-hidden=\"true\"><svg aria-hidden=\"true\" focusable=\"false\" data-prefix=\"far\" data-icon=\"chart-bar\" role=\"img\" xmlns=\"http:\/\/www.w3.org\/2000\/svg\" viewBox=\"0 0 512 512\" class=\"svg-inline--fa fa-chart-bar fa-w-16 fa-2x\"><path fill=\"currentColor\" d=\"M396.8 352h22.4c6.4 0 12.8-6.4 12.8-12.8V108.8c0-6.4-6.4-12.8-12.8-12.8h-22.4c-6.4 0-12.8 6.4-12.8 12.8v230.4c0 6.4 6.4 12.8 12.8 12.8zm-192 0h22.4c6.4 0 12.8-6.4 12.8-12.8V140.8c0-6.4-6.4-12.8-12.8-12.8h-22.4c-6.4 0-12.8 6.4-12.8 12.8v198.4c0 6.4 6.4 12.8 12.8 12.8zm96 0h22.4c6.4 0 12.8-6.4 12.8-12.8V204.8c0-6.4-6.4-12.8-12.8-12.8h-22.4c-6.4 0-12.8 6.4-12.8 12.8v134.4c0 6.4 6.4 12.8 12.8 12.8zM496 400H48V80c0-8.84-7.16-16-16-16H16C7.16 64 0 71.16 0 80v336c0 17.67 14.33 32 32 32h464c8.84 0 16-7.16 16-16v-16c0-8.84-7.16-16-16-16zm-387.2-48h22.4c6.4 0 12.8-6.4 12.8-12.8v-70.4c0-6.4-6.4-12.8-12.8-12.8h-22.4c-6.4 0-12.8 6.4-12.8 12.8v70.4c0 6.4 6.4 12.8 12.8 12.8z\" class=\"\"><\/path><\/svg><\/i> <img loading=\"lazy\" decoding=\"async\" width=\"16\" height=\"16\" alt=\"Loading\" src=\"https:\/\/www.112canarias.com\/112\/wp-content\/plugins\/page-views-count\/ajax-loader-2x.gif\" border=0 \/><\/p>\n<div class=\"pvc_clear\"><\/div>\n","protected":false},"author":5,"featured_media":9270,"comment_status":"closed","ping_status":"open","sticky":false,"template":"","format":"standard","meta":{"footnotes":""},"categories":[9,10],"tags":[],"class_list":["post-9269","post","type-post","status-publish","format-standard","has-post-thumbnail","hentry","category-noticias","category-ultimasnoticas"],"_links":{"self":[{"href":"https:\/\/www.112canarias.com\/112\/wp-json\/wp\/v2\/posts\/9269","targetHints":{"allow":["GET"]}}],"collection":[{"href":"https:\/\/www.112canarias.com\/112\/wp-json\/wp\/v2\/posts"}],"about":[{"href":"https:\/\/www.112canarias.com\/112\/wp-json\/wp\/v2\/types\/post"}],"author":[{"embeddable":true,"href":"https:\/\/www.112canarias.com\/112\/wp-json\/wp\/v2\/users\/5"}],"replies":[{"embeddable":true,"href":"https:\/\/www.112canarias.com\/112\/wp-json\/wp\/v2\/comments?post=9269"}],"version-history":[{"count":1,"href":"https:\/\/www.112canarias.com\/112\/wp-json\/wp\/v2\/posts\/9269\/revisions"}],"predecessor-version":[{"id":9271,"href":"https:\/\/www.112canarias.com\/112\/wp-json\/wp\/v2\/posts\/9269\/revisions\/9271"}],"wp:featuredmedia":[{"embeddable":true,"href":"https:\/\/www.112canarias.com\/112\/wp-json\/wp\/v2\/media\/9270"}],"wp:attachment":[{"href":"https:\/\/www.112canarias.com\/112\/wp-json\/wp\/v2\/media?parent=9269"}],"wp:term":[{"taxonomy":"category","embeddable":true,"href":"https:\/\/www.112canarias.com\/112\/wp-json\/wp\/v2\/categories?post=9269"},{"taxonomy":"post_tag","embeddable":true,"href":"https:\/\/www.112canarias.com\/112\/wp-json\/wp\/v2\/tags?post=9269"}],"curies":[{"name":"wp","href":"https:\/\/api.w.org\/{rel}","templated":true}]}}