{"id":968,"date":"2010-11-30T12:16:15","date_gmt":"2010-11-30T12:16:15","guid":{"rendered":"http:\/\/www.112canarias.com\/112\/2010\/11\/30\/premio-de-la-asociacion-europea-de-emergencias-2010\/"},"modified":"2010-11-30T12:16:15","modified_gmt":"2010-11-30T12:16:15","slug":"premio-de-la-asociacion-europea-de-emergencias-2010","status":"publish","type":"post","link":"https:\/\/www.112canarias.com\/112\/premio-de-la-asociacion-europea-de-emergencias-2010\/","title":{"rendered":"Premio de la Asociaci\u00f3n Europea de Emergencias 2010"},"content":{"rendered":"<p class=\"categoria\" align=\"left\"><strong>Premio de la Asociaci\u00f3n Europea de Emergencias 2010<\/strong><\/p>\n<p class=\"categoria\" align=\"left\">Nov-2010<\/p>\n<p><\/p>\n<p style=\"padding-left: 30px;\"><span style=\"color: #808080; font-size: xx-small;\"><em>Bernadette Vergnaud, miembro del Parlamento Europeo, y Mike Amarosa, director del Comit\u00e9 de Educaci\u00f3n de la EENA, entregaron el galard\u00f3n a la representante del 1-1-2 Canarias, \u00c1ngeles Rodr\u00edguez, tambi\u00e9n delegada del Comit\u00e9 de Educaci\u00f3n de la Fundaci\u00f3n Europea del 1-1-2<\/em><\/span><\/p>\n<p class=\"categoria\" align=\"left\"><a href=\"galerias\/Bruselas2010\/indexbruselas2010.html\" target=\"_blank\" rel=\"noopener\">Galer\u00eda de im\u00e1genes de la ceremonia.<\/a><\/p>\n<p>El CECOES recibi\u00f3 en noviembre, en Bruselas, el premio a la mejor campa\u00f1a divulgativa del tel\u00e9fono \u00fanico de emergencias 1-1-2 (\u201cOutstanding education on 1-1-2\u201d) en una ceremonia organizada por la Asociaci\u00f3n Europea de N\u00fameros de Emergencia (EENA) y que reuni\u00f3 a los diferentes pa\u00edses premiados en diversas categor\u00edas.<\/p>\n<p style=\"text-align: justify;\">Los actos celebrados el mes de febrero de 2010 en Gran Canaria con motivo de la conmemoraci\u00f3n del D\u00eda Europeo del 1-1-2 y las sesiones informativas desarrolladas en asociaciones de discapacitados auditivos, colegios y aeropuertos de las Islas que llev\u00f3 a cabo el 1-1-2 Canarias han sido las acciones premiadas por la EENA.<\/p>\n<p><iframe loading=\"lazy\" width=\"560\" height=\"315\" src=\"https:\/\/www.youtube.com\/embed\/64hYCn_X67g\" frameborder=\"0\" allow=\"accelerometer; autoplay; encrypted-media; gyroscope; picture-in-picture\" allowfullscreen><\/iframe><br \/>\n<iframe loading=\"lazy\" width=\"560\" height=\"315\" src=\"https:\/\/www.youtube.com\/embed\/YN4Hcp7NGos\" frameborder=\"0\" allow=\"accelerometer; autoplay; encrypted-media; gyroscope; picture-in-picture\" allowfullscreen><\/iframe><\/p>\n<div class=\"pvc_clear\"><\/div>\n<p id=\"pvc_stats_968\" class=\"pvc_stats all  \" data-element-id=\"968\" style=\"\"><i class=\"pvc-stats-icon medium\" aria-hidden=\"true\"><svg aria-hidden=\"true\" focusable=\"false\" data-prefix=\"far\" data-icon=\"chart-bar\" role=\"img\" xmlns=\"http:\/\/www.w3.org\/2000\/svg\" viewBox=\"0 0 512 512\" class=\"svg-inline--fa fa-chart-bar fa-w-16 fa-2x\"><path fill=\"currentColor\" d=\"M396.8 352h22.4c6.4 0 12.8-6.4 12.8-12.8V108.8c0-6.4-6.4-12.8-12.8-12.8h-22.4c-6.4 0-12.8 6.4-12.8 12.8v230.4c0 6.4 6.4 12.8 12.8 12.8zm-192 0h22.4c6.4 0 12.8-6.4 12.8-12.8V140.8c0-6.4-6.4-12.8-12.8-12.8h-22.4c-6.4 0-12.8 6.4-12.8 12.8v198.4c0 6.4 6.4 12.8 12.8 12.8zm96 0h22.4c6.4 0 12.8-6.4 12.8-12.8V204.8c0-6.4-6.4-12.8-12.8-12.8h-22.4c-6.4 0-12.8 6.4-12.8 12.8v134.4c0 6.4 6.4 12.8 12.8 12.8zM496 400H48V80c0-8.84-7.16-16-16-16H16C7.16 64 0 71.16 0 80v336c0 17.67 14.33 32 32 32h464c8.84 0 16-7.16 16-16v-16c0-8.84-7.16-16-16-16zm-387.2-48h22.4c6.4 0 12.8-6.4 12.8-12.8v-70.4c0-6.4-6.4-12.8-12.8-12.8h-22.4c-6.4 0-12.8 6.4-12.8 12.8v70.4c0 6.4 6.4 12.8 12.8 12.8z\" class=\"\"><\/path><\/svg><\/i> <\/p>\n<div class=\"pvc_clear\"><\/div>\n<div class=\"print\"><span class=\"page_title\">P\u00e1gina: <span>Premio de la Asociaci\u00f3n Europea de Emergencias 2010<\/span><\/span>\n\t\t\t\t\t\t\t\t\t\t\t<span class=\"stmp_trans_date\">\u00daltima actualizaci\u00f3n: <span>30\/11\/2010 - 12:16:15<\/span><\/span>\n\t\t\t\t\t\t\t\t\t\t\t<span class=\"stmp_trans_date\">Fecha publicaci\u00f3n: <span>30\/11\/2010 - 12:16:15<\/span><\/span>\n\t\t\t\t\t\t\t\t\t\t\t<span class=\"stmp_trans_date\">Fecha creaci\u00f3n: <span>30\/11\/2010 - 12:16:15<\/span><\/span><\/div>","protected":false},"excerpt":{"rendered":"<p>Premio de la Asociaci\u00f3n Europea de Emergencias 2010 Nov-2010 Bernadette Vergnaud, miembro del Parlamento Europeo, y Mike Amarosa, director del Comit\u00e9 de Educaci\u00f3n de la EENA, entregaron el galard\u00f3n a la representante del 1-1-2 Canarias, \u00c1ngeles Rodr\u00edguez, tambi\u00e9n delegada del Comit\u00e9 de Educaci\u00f3n de la&#8230;<\/p>\n<div class=\"pvc_clear\"><\/div>\n<p id=\"pvc_stats_968\" class=\"pvc_stats all  \" data-element-id=\"968\" style=\"\"><i class=\"pvc-stats-icon medium\" aria-hidden=\"true\"><svg aria-hidden=\"true\" focusable=\"false\" data-prefix=\"far\" data-icon=\"chart-bar\" role=\"img\" xmlns=\"http:\/\/www.w3.org\/2000\/svg\" viewBox=\"0 0 512 512\" class=\"svg-inline--fa fa-chart-bar fa-w-16 fa-2x\"><path fill=\"currentColor\" d=\"M396.8 352h22.4c6.4 0 12.8-6.4 12.8-12.8V108.8c0-6.4-6.4-12.8-12.8-12.8h-22.4c-6.4 0-12.8 6.4-12.8 12.8v230.4c0 6.4 6.4 12.8 12.8 12.8zm-192 0h22.4c6.4 0 12.8-6.4 12.8-12.8V140.8c0-6.4-6.4-12.8-12.8-12.8h-22.4c-6.4 0-12.8 6.4-12.8 12.8v198.4c0 6.4 6.4 12.8 12.8 12.8zm96 0h22.4c6.4 0 12.8-6.4 12.8-12.8V204.8c0-6.4-6.4-12.8-12.8-12.8h-22.4c-6.4 0-12.8 6.4-12.8 12.8v134.4c0 6.4 6.4 12.8 12.8 12.8zM496 400H48V80c0-8.84-7.16-16-16-16H16C7.16 64 0 71.16 0 80v336c0 17.67 14.33 32 32 32h464c8.84 0 16-7.16 16-16v-16c0-8.84-7.16-16-16-16zm-387.2-48h22.4c6.4 0 12.8-6.4 12.8-12.8v-70.4c0-6.4-6.4-12.8-12.8-12.8h-22.4c-6.4 0-12.8 6.4-12.8 12.8v70.4c0 6.4 6.4 12.8 12.8 12.8z\" class=\"\"><\/path><\/svg><\/i> <img loading=\"lazy\" decoding=\"async\" width=\"16\" height=\"16\" alt=\"Loading\" src=\"https:\/\/www.112canarias.com\/112\/wp-content\/plugins\/page-views-count\/ajax-loader-2x.gif\" border=0 \/><\/p>\n<div class=\"pvc_clear\"><\/div>\n","protected":false},"author":1,"featured_media":0,"comment_status":"open","ping_status":"open","sticky":false,"template":"","format":"standard","meta":{"footnotes":""},"categories":[14],"tags":[],"class_list":["post-968","post","type-post","status-publish","format-standard","has-post-thumbnail","hentry","category-menuscategoria"],"_links":{"self":[{"href":"https:\/\/www.112canarias.com\/112\/wp-json\/wp\/v2\/posts\/968","targetHints":{"allow":["GET"]}}],"collection":[{"href":"https:\/\/www.112canarias.com\/112\/wp-json\/wp\/v2\/posts"}],"about":[{"href":"https:\/\/www.112canarias.com\/112\/wp-json\/wp\/v2\/types\/post"}],"author":[{"embeddable":true,"href":"https:\/\/www.112canarias.com\/112\/wp-json\/wp\/v2\/users\/1"}],"replies":[{"embeddable":true,"href":"https:\/\/www.112canarias.com\/112\/wp-json\/wp\/v2\/comments?post=968"}],"version-history":[{"count":0,"href":"https:\/\/www.112canarias.com\/112\/wp-json\/wp\/v2\/posts\/968\/revisions"}],"wp:attachment":[{"href":"https:\/\/www.112canarias.com\/112\/wp-json\/wp\/v2\/media?parent=968"}],"wp:term":[{"taxonomy":"category","embeddable":true,"href":"https:\/\/www.112canarias.com\/112\/wp-json\/wp\/v2\/categories?post=968"},{"taxonomy":"post_tag","embeddable":true,"href":"https:\/\/www.112canarias.com\/112\/wp-json\/wp\/v2\/tags?post=968"}],"curies":[{"name":"wp","href":"https:\/\/api.w.org\/{rel}","templated":true}]}}