{"id":9708,"date":"2025-07-15T14:20:09","date_gmt":"2025-07-15T14:20:09","guid":{"rendered":"https:\/\/www.112canarias.com\/112\/?p=9708"},"modified":"2025-07-15T14:20:09","modified_gmt":"2025-07-15T14:20:09","slug":"un-nuevo-episodio-de-calor-pone-en-alerta-a-las-islas-por-riesgo-de-incendio-forestal-y-altas-temperaturas","status":"publish","type":"post","link":"https:\/\/www.112canarias.com\/112\/un-nuevo-episodio-de-calor-pone-en-alerta-a-las-islas-por-riesgo-de-incendio-forestal-y-altas-temperaturas\/","title":{"rendered":"Un nuevo episodio de calor pone en alerta a las islas por riesgo de incendio forestal y altas temperaturas"},"content":{"rendered":"<blockquote><p>La Direcci\u00f3n General de Emergencias ampl\u00eda a toda Canarias la alerta por riesgo de incendio forestal por m\u00e1ximas de hasta 38 grados y m\u00ednimas de m\u00e1s de 25 grados<\/p>\n<p>La humedad relativa se situar\u00e1 por debajo del 30% a partir de los 400 metros de altitud y se esperan rachas de viento de 70 kil\u00f3metros por hora<\/p><\/blockquote>\n<p><strong>La intensificaci\u00f3n en las pr\u00f3ximas horas del paso sobre el Archipi\u00e9lago de una masa de aire seco y c\u00e1lido procedente del continente africano ha llevado a la Direcci\u00f3n General de Emergencias del Gobierno de Canarias a ampliar la alerta por riesgo de incendio forestal a toda la provincia occidental y Gran Canaria, a partir de las 08:00 horas de ma\u00f1ana, mi\u00e9rcoles, 16 de julio. Adem\u00e1s, se ampl\u00eda la alerta por altas temperaturas a todas las islas, desde las 08:00 horas de ma\u00f1ana, mi\u00e9rcoles, d\u00eda 16 de julio. Estas decisiones se han tomado en base a la informaci\u00f3n facilitada por la Agencia Estatal de Meteorolog\u00eda y otras fuentes disponibles, y en aplicaci\u00f3n los planes especiales de protecci\u00f3n civil y atenci\u00f3n a las emergencias por Incendios Forestales de la Comunidad Aut\u00f3noma de Canarias (INFOCA) y del Plan por Riesgos de Fen\u00f3menos Meteorol\u00f3gicos Adversos (PEFMA).<\/strong><\/p>\n<p>La previsi\u00f3n meteorol\u00f3gica apunta a temperaturas m\u00e1ximas que probablemente alcanzar\u00e1n o superar\u00e1n los 34 o 38 grados; y m\u00ednimas en muchas zonas de median\u00edas de m\u00e1s de 25 grados e incluso de m\u00e1s de 28 grados en el sur de Gran Canaria. La inversi\u00f3n t\u00e9rmica se situar\u00e1 a menos de 400 metros de altitud con una humedad relativa por debajo del 30% a partir de 400 metros de altitud. A ello se suma la entrada de calima en altura. Las temperaturas m\u00ednimas tambi\u00e9n ser\u00e1n anormalmente altas, especialmente en las vertientes este, sur y oeste.<\/p>\n<p>Adem\u00e1s, se esperan rachas de viento, en general de componente este, de flojo a moderado en zonas forestales. De cara a ma\u00f1ana, jueves 17 de julio, el viento ser\u00e1 del nordeste en las zonas forestales, con rachas moderadas con intervalos fuertes, que pueden alcanzar rachas de hasta 70 kil\u00f3metros por hora en La Palma, El Hierro, La Gomera, Tenerife, y Gran Canaria. \u00a0La Direcci\u00f3n General de Emergencia monitoriza la situaci\u00f3n y tomar\u00e1 las medidas necesarias en funci\u00f3n de su evoluci\u00f3n.<\/p>\n<p><strong>Recomendaciones de autoprotecci\u00f3n<\/strong><\/p>\n<p>Ante el aumento de las temperaturas, el Gobierno de Canarias recomienda a la poblaci\u00f3n evitar realizar ejercicios f\u00edsicos en las horas centrales del d\u00eda, hacer comidas ligeras y regulares y evitar el consumo de alcohol y caminar por la sombra, estar bajo una sombrilla en la playa y descansar en lugares frescos en la calle o en espacios cerrados que est\u00e9n climatizados.<\/p>\n<p>En cuanto al riesgo de incendio forestal, recalca la importancia de no tirar colillas encendidas, ni f\u00f3sforos o desperdicios en las zonas arboladas. Adem\u00e1s, no se deben lanzar voladores, petardos o artefactos que contengan fuego en zonas de peligro, aunque sea a campo raso, ni en terrenos agr\u00edcolas o en urbanizaciones rodeadas por bosques y es aconsejable tener preparadas herramientas b\u00e1sicas contra incendios (mangueras, hachas) y alguna reserva de agua.<\/p>\n<p>Asimismo, para evitar incendios forestales es imprescindible seguir las limitaciones que establezcan los diferentes cabildos y ayuntamientos, tanto en lo referido al acceso a la zona forestal como a los trabajos que se deben evitar realizar en esas \u00e1reas hasta que finalice esta situaci\u00f3n de riesgo.<\/p>\n<p>Es importante que si se ve humo o fuego se llame inmediatamente al 112 dado que el tiempo de reacci\u00f3n es clave para evitar que el incendio se propague sin control.<\/p>\n<p>M\u00e1s consejos en https:\/\/www.gobiernodecanarias.org\/emergencias\/consejos\/consejos.html<\/p>\n<div class=\"pvc_clear\"><\/div>\n<p id=\"pvc_stats_9708\" class=\"pvc_stats all  \" data-element-id=\"9708\" style=\"\"><i class=\"pvc-stats-icon medium\" aria-hidden=\"true\"><svg aria-hidden=\"true\" focusable=\"false\" data-prefix=\"far\" data-icon=\"chart-bar\" role=\"img\" xmlns=\"http:\/\/www.w3.org\/2000\/svg\" viewBox=\"0 0 512 512\" class=\"svg-inline--fa fa-chart-bar fa-w-16 fa-2x\"><path fill=\"currentColor\" d=\"M396.8 352h22.4c6.4 0 12.8-6.4 12.8-12.8V108.8c0-6.4-6.4-12.8-12.8-12.8h-22.4c-6.4 0-12.8 6.4-12.8 12.8v230.4c0 6.4 6.4 12.8 12.8 12.8zm-192 0h22.4c6.4 0 12.8-6.4 12.8-12.8V140.8c0-6.4-6.4-12.8-12.8-12.8h-22.4c-6.4 0-12.8 6.4-12.8 12.8v198.4c0 6.4 6.4 12.8 12.8 12.8zm96 0h22.4c6.4 0 12.8-6.4 12.8-12.8V204.8c0-6.4-6.4-12.8-12.8-12.8h-22.4c-6.4 0-12.8 6.4-12.8 12.8v134.4c0 6.4 6.4 12.8 12.8 12.8zM496 400H48V80c0-8.84-7.16-16-16-16H16C7.16 64 0 71.16 0 80v336c0 17.67 14.33 32 32 32h464c8.84 0 16-7.16 16-16v-16c0-8.84-7.16-16-16-16zm-387.2-48h22.4c6.4 0 12.8-6.4 12.8-12.8v-70.4c0-6.4-6.4-12.8-12.8-12.8h-22.4c-6.4 0-12.8 6.4-12.8 12.8v70.4c0 6.4 6.4 12.8 12.8 12.8z\" class=\"\"><\/path><\/svg><\/i> <\/p>\n<div class=\"pvc_clear\"><\/div>\n<div class=\"print\"><span class=\"page_title\">P\u00e1gina: <span>Un nuevo episodio de calor pone en alerta a las islas por riesgo de incendio forestal y altas temperaturas<\/span><\/span>\n\t\t\t\t\t\t\t\t\t\t\t<span class=\"stmp_trans_date\">\u00daltima actualizaci\u00f3n: <span>15\/07\/2025 - 14:20:09<\/span><\/span>\n\t\t\t\t\t\t\t\t\t\t\t<span class=\"stmp_trans_date\">Fecha publicaci\u00f3n: <span>15\/07\/2025 - 14:20:09<\/span><\/span>\n\t\t\t\t\t\t\t\t\t\t\t<span class=\"stmp_trans_date\">Fecha creaci\u00f3n: <span>15\/07\/2025 - 14:20:09<\/span><\/span><\/div>","protected":false},"excerpt":{"rendered":"<p>La Direcci\u00f3n General de Emergencias ampl\u00eda a toda Canarias la alerta por riesgo de incendio forestal por m\u00e1ximas de hasta 38 grados y m\u00ednimas de m\u00e1s de 25 grados La humedad relativa se situar\u00e1 por debajo del 30% a partir de los 400 metros de&#8230;<\/p>\n<div class=\"pvc_clear\"><\/div>\n<p id=\"pvc_stats_9708\" class=\"pvc_stats all  \" data-element-id=\"9708\" style=\"\"><i class=\"pvc-stats-icon medium\" aria-hidden=\"true\"><svg aria-hidden=\"true\" focusable=\"false\" data-prefix=\"far\" data-icon=\"chart-bar\" role=\"img\" xmlns=\"http:\/\/www.w3.org\/2000\/svg\" viewBox=\"0 0 512 512\" class=\"svg-inline--fa fa-chart-bar fa-w-16 fa-2x\"><path fill=\"currentColor\" d=\"M396.8 352h22.4c6.4 0 12.8-6.4 12.8-12.8V108.8c0-6.4-6.4-12.8-12.8-12.8h-22.4c-6.4 0-12.8 6.4-12.8 12.8v230.4c0 6.4 6.4 12.8 12.8 12.8zm-192 0h22.4c6.4 0 12.8-6.4 12.8-12.8V140.8c0-6.4-6.4-12.8-12.8-12.8h-22.4c-6.4 0-12.8 6.4-12.8 12.8v198.4c0 6.4 6.4 12.8 12.8 12.8zm96 0h22.4c6.4 0 12.8-6.4 12.8-12.8V204.8c0-6.4-6.4-12.8-12.8-12.8h-22.4c-6.4 0-12.8 6.4-12.8 12.8v134.4c0 6.4 6.4 12.8 12.8 12.8zM496 400H48V80c0-8.84-7.16-16-16-16H16C7.16 64 0 71.16 0 80v336c0 17.67 14.33 32 32 32h464c8.84 0 16-7.16 16-16v-16c0-8.84-7.16-16-16-16zm-387.2-48h22.4c6.4 0 12.8-6.4 12.8-12.8v-70.4c0-6.4-6.4-12.8-12.8-12.8h-22.4c-6.4 0-12.8 6.4-12.8 12.8v70.4c0 6.4 6.4 12.8 12.8 12.8z\" class=\"\"><\/path><\/svg><\/i> <img loading=\"lazy\" decoding=\"async\" width=\"16\" height=\"16\" alt=\"Loading\" src=\"https:\/\/www.112canarias.com\/112\/wp-content\/plugins\/page-views-count\/ajax-loader-2x.gif\" border=0 \/><\/p>\n<div class=\"pvc_clear\"><\/div>\n","protected":false},"author":3,"featured_media":9709,"comment_status":"closed","ping_status":"open","sticky":false,"template":"","format":"standard","meta":{"footnotes":""},"categories":[9,10],"tags":[],"class_list":["post-9708","post","type-post","status-publish","format-standard","has-post-thumbnail","hentry","category-noticias","category-ultimasnoticas"],"_links":{"self":[{"href":"https:\/\/www.112canarias.com\/112\/wp-json\/wp\/v2\/posts\/9708","targetHints":{"allow":["GET"]}}],"collection":[{"href":"https:\/\/www.112canarias.com\/112\/wp-json\/wp\/v2\/posts"}],"about":[{"href":"https:\/\/www.112canarias.com\/112\/wp-json\/wp\/v2\/types\/post"}],"author":[{"embeddable":true,"href":"https:\/\/www.112canarias.com\/112\/wp-json\/wp\/v2\/users\/3"}],"replies":[{"embeddable":true,"href":"https:\/\/www.112canarias.com\/112\/wp-json\/wp\/v2\/comments?post=9708"}],"version-history":[{"count":1,"href":"https:\/\/www.112canarias.com\/112\/wp-json\/wp\/v2\/posts\/9708\/revisions"}],"predecessor-version":[{"id":9710,"href":"https:\/\/www.112canarias.com\/112\/wp-json\/wp\/v2\/posts\/9708\/revisions\/9710"}],"wp:featuredmedia":[{"embeddable":true,"href":"https:\/\/www.112canarias.com\/112\/wp-json\/wp\/v2\/media\/9709"}],"wp:attachment":[{"href":"https:\/\/www.112canarias.com\/112\/wp-json\/wp\/v2\/media?parent=9708"}],"wp:term":[{"taxonomy":"category","embeddable":true,"href":"https:\/\/www.112canarias.com\/112\/wp-json\/wp\/v2\/categories?post=9708"},{"taxonomy":"post_tag","embeddable":true,"href":"https:\/\/www.112canarias.com\/112\/wp-json\/wp\/v2\/tags?post=9708"}],"curies":[{"name":"wp","href":"https:\/\/api.w.org\/{rel}","templated":true}]}}