{"id":975,"date":"2012-03-14T11:17:16","date_gmt":"2012-03-14T11:17:16","guid":{"rendered":"http:\/\/www.112canarias.com\/112\/2012\/03\/14\/centro-1-1-2-recursos-moviles\/"},"modified":"2012-03-14T11:17:16","modified_gmt":"2012-03-14T11:17:16","slug":"centro-1-1-2-recursos-moviles","status":"publish","type":"post","link":"https:\/\/www.112canarias.com\/112\/centro-1-1-2-recursos-moviles\/","title":{"rendered":"Recursos m\u00f3viles"},"content":{"rendered":"<p class=\"categoria\" align=\"left\"><a href=\"galerias\/pma_gallery\/indexpma.html\" target=\"_blank\" rel=\"noopener\"><strong><\/strong><\/a><\/p>\n<p class=\"categoria\" align=\"left\">\u00a0<\/p>\n<p class=\"categoria\" style=\"text-align: justify;\" align=\"left\">El CECOES 1-1-2 no posee recursos propios para la atenci\u00f3n directa al ciudadano que se encuentre en una situaci\u00f3n de urgencias y emergencias. Lo que hace es 1-1-2 es coordinar la respuesta necesaria a cada demanda y, por lo tanto,\u00a0 activa los recursos de los diferentes servicios que deben intervenir en cada incidente ya sean sanitarios, de seguridad, salvamento, extinci\u00f3n o rescate.<\/p>\n<p style=\"text-align: justify;\">Sin embargo, el CECOES 1-1-2 si cuenta con\u00a0<a href=\"galerias\/vc_gallery\/index_vc.html\" target=\"_blank\" title=\"Veh\u00edculos de Coordinaci\u00f3n - CECOES 1-1-2 - Gobierno de Canarias\" rel=\"noopener\">dos veh\u00edculos de coordinaci\u00f3n<\/a>, uno en la isla de Gran Canaria y otro en la de Tenerife, cuya misi\u00f3n consiste en aportar informaci\u00f3n extra al Centro Coordinador desde el lugar del incidente en aquellos servicios en los que sea necesario, realizando tambi\u00e9n tareas de log\u00edstica de emergencias para el Gobierno de Canarias.<\/p>\n<p style=\"text-align: justify;\">Este recurso de intervenci\u00f3n cuenta con equipamiento de emergencia\u00a0 para una primera intervenci\u00f3n en el lugar de los hechos como focos, cuerdas o un guinche. Adem\u00e1s, dispone de una c\u00e1mara externa <span style=\"color: #333333;\"><a href=\"http:\/\/es.wikipedia.org\/wiki\/C%C3%A1mara_PTZ\" target=\"_blank\" title=\"PTZ - \u00bfQue es?\" rel=\"noopener\"><span style=\"color: #333333;\">PTZ<\/span><\/a><\/span> con capacidad de gesti\u00f3n local y remota que transmite a las Salas Operativas im\u00e1genes en tiempo real del incidente en el que se encuentra, proporcionando as\u00ed informaci\u00f3n \u00fatil para la gesti\u00f3n de los recursos que se env\u00edan al lugar. Tambi\u00e9n,\u00a0 cuenta con tel\u00e9fono v\u00eda sat\u00e9lite, radio convencional y sistema de tranking digital, ordenador\u00a0e incluso est\u00e1 preparado para desplegar un repetidor m\u00f3vil con capacidad para dar cobertura en las comunicaciones\u00a0 de los servicios intervinientes.<\/p>\n<p style=\"text-align: justify;\" align=\"left\">Tambi\u00e9n se cuenta con <a href=\"galerias\/vc_gallery\/index_vc.html\" target=\"_blank\" rel=\"noopener\">dos remolques de log\u00edstica y comunicaciones <\/a>para la implantaci\u00f3n de servicios preventivos y\/o dispositivos en una situaci\u00f3n de inseguridad o emergencias. Estos remolques cuentan como equipamiento general armarios\/rack de radiocomunicaciones convencionales con repetidores de cobertura y radioenlaces, antenas, m\u00e1stil telesc\u00f3pico para la colocaci\u00f3n r\u00e1pida de antenas y para facilitar la m\u00e1xima cobertura local, sistema de telefon\u00eda m\u00f3vil, grupo electr\u00f3geno para el funcionamiento aut\u00f3nomo de todos los sistemas exterior e interior y otros elementos t\u00e9cnicos para implantar comunicaciones y apoyo log\u00edstico en una emergencia o puesto de mando avanzado.<\/p>\n<div class=\"pvc_clear\"><\/div>\n<p id=\"pvc_stats_975\" class=\"pvc_stats all  \" data-element-id=\"975\" style=\"\"><i class=\"pvc-stats-icon medium\" aria-hidden=\"true\"><svg aria-hidden=\"true\" focusable=\"false\" data-prefix=\"far\" data-icon=\"chart-bar\" role=\"img\" xmlns=\"http:\/\/www.w3.org\/2000\/svg\" viewBox=\"0 0 512 512\" class=\"svg-inline--fa fa-chart-bar fa-w-16 fa-2x\"><path fill=\"currentColor\" d=\"M396.8 352h22.4c6.4 0 12.8-6.4 12.8-12.8V108.8c0-6.4-6.4-12.8-12.8-12.8h-22.4c-6.4 0-12.8 6.4-12.8 12.8v230.4c0 6.4 6.4 12.8 12.8 12.8zm-192 0h22.4c6.4 0 12.8-6.4 12.8-12.8V140.8c0-6.4-6.4-12.8-12.8-12.8h-22.4c-6.4 0-12.8 6.4-12.8 12.8v198.4c0 6.4 6.4 12.8 12.8 12.8zm96 0h22.4c6.4 0 12.8-6.4 12.8-12.8V204.8c0-6.4-6.4-12.8-12.8-12.8h-22.4c-6.4 0-12.8 6.4-12.8 12.8v134.4c0 6.4 6.4 12.8 12.8 12.8zM496 400H48V80c0-8.84-7.16-16-16-16H16C7.16 64 0 71.16 0 80v336c0 17.67 14.33 32 32 32h464c8.84 0 16-7.16 16-16v-16c0-8.84-7.16-16-16-16zm-387.2-48h22.4c6.4 0 12.8-6.4 12.8-12.8v-70.4c0-6.4-6.4-12.8-12.8-12.8h-22.4c-6.4 0-12.8 6.4-12.8 12.8v70.4c0 6.4 6.4 12.8 12.8 12.8z\" class=\"\"><\/path><\/svg><\/i> <\/p>\n<div class=\"pvc_clear\"><\/div>\n<div class=\"print\"><span class=\"page_title\">P\u00e1gina: <span>Recursos m\u00f3viles<\/span><\/span>\n\t\t\t\t\t\t\t\t\t\t\t<span class=\"stmp_trans_date\">\u00daltima actualizaci\u00f3n: <span>14\/03\/2012 - 11:17:16<\/span><\/span>\n\t\t\t\t\t\t\t\t\t\t\t<span class=\"stmp_trans_date\">Fecha publicaci\u00f3n: <span>14\/03\/2012 - 11:17:16<\/span><\/span>\n\t\t\t\t\t\t\t\t\t\t\t<span class=\"stmp_trans_date\">Fecha creaci\u00f3n: <span>14\/03\/2012 - 11:17:16<\/span><\/span><\/div>","protected":false},"excerpt":{"rendered":"<p>\u00a0 El CECOES 1-1-2 no posee recursos propios para la atenci\u00f3n directa al ciudadano que se encuentre en una situaci\u00f3n de urgencias y emergencias. Lo que hace es 1-1-2 es coordinar la respuesta necesaria a cada demanda y, por lo tanto,\u00a0 activa los recursos de&#8230;<\/p>\n<div class=\"pvc_clear\"><\/div>\n<p id=\"pvc_stats_975\" class=\"pvc_stats all  \" data-element-id=\"975\" style=\"\"><i class=\"pvc-stats-icon medium\" aria-hidden=\"true\"><svg aria-hidden=\"true\" focusable=\"false\" data-prefix=\"far\" data-icon=\"chart-bar\" role=\"img\" xmlns=\"http:\/\/www.w3.org\/2000\/svg\" viewBox=\"0 0 512 512\" class=\"svg-inline--fa fa-chart-bar fa-w-16 fa-2x\"><path fill=\"currentColor\" d=\"M396.8 352h22.4c6.4 0 12.8-6.4 12.8-12.8V108.8c0-6.4-6.4-12.8-12.8-12.8h-22.4c-6.4 0-12.8 6.4-12.8 12.8v230.4c0 6.4 6.4 12.8 12.8 12.8zm-192 0h22.4c6.4 0 12.8-6.4 12.8-12.8V140.8c0-6.4-6.4-12.8-12.8-12.8h-22.4c-6.4 0-12.8 6.4-12.8 12.8v198.4c0 6.4 6.4 12.8 12.8 12.8zm96 0h22.4c6.4 0 12.8-6.4 12.8-12.8V204.8c0-6.4-6.4-12.8-12.8-12.8h-22.4c-6.4 0-12.8 6.4-12.8 12.8v134.4c0 6.4 6.4 12.8 12.8 12.8zM496 400H48V80c0-8.84-7.16-16-16-16H16C7.16 64 0 71.16 0 80v336c0 17.67 14.33 32 32 32h464c8.84 0 16-7.16 16-16v-16c0-8.84-7.16-16-16-16zm-387.2-48h22.4c6.4 0 12.8-6.4 12.8-12.8v-70.4c0-6.4-6.4-12.8-12.8-12.8h-22.4c-6.4 0-12.8 6.4-12.8 12.8v70.4c0 6.4 6.4 12.8 12.8 12.8z\" class=\"\"><\/path><\/svg><\/i> <img loading=\"lazy\" decoding=\"async\" width=\"16\" height=\"16\" alt=\"Loading\" src=\"https:\/\/www.112canarias.com\/112\/wp-content\/plugins\/page-views-count\/ajax-loader-2x.gif\" border=0 \/><\/p>\n<div class=\"pvc_clear\"><\/div>\n","protected":false},"author":1,"featured_media":0,"comment_status":"open","ping_status":"open","sticky":false,"template":"","format":"standard","meta":{"footnotes":""},"categories":[14],"tags":[],"class_list":["post-975","post","type-post","status-publish","format-standard","has-post-thumbnail","hentry","category-menuscategoria"],"_links":{"self":[{"href":"https:\/\/www.112canarias.com\/112\/wp-json\/wp\/v2\/posts\/975","targetHints":{"allow":["GET"]}}],"collection":[{"href":"https:\/\/www.112canarias.com\/112\/wp-json\/wp\/v2\/posts"}],"about":[{"href":"https:\/\/www.112canarias.com\/112\/wp-json\/wp\/v2\/types\/post"}],"author":[{"embeddable":true,"href":"https:\/\/www.112canarias.com\/112\/wp-json\/wp\/v2\/users\/1"}],"replies":[{"embeddable":true,"href":"https:\/\/www.112canarias.com\/112\/wp-json\/wp\/v2\/comments?post=975"}],"version-history":[{"count":0,"href":"https:\/\/www.112canarias.com\/112\/wp-json\/wp\/v2\/posts\/975\/revisions"}],"wp:attachment":[{"href":"https:\/\/www.112canarias.com\/112\/wp-json\/wp\/v2\/media?parent=975"}],"wp:term":[{"taxonomy":"category","embeddable":true,"href":"https:\/\/www.112canarias.com\/112\/wp-json\/wp\/v2\/categories?post=975"},{"taxonomy":"post_tag","embeddable":true,"href":"https:\/\/www.112canarias.com\/112\/wp-json\/wp\/v2\/tags?post=975"}],"curies":[{"name":"wp","href":"https:\/\/api.w.org\/{rel}","templated":true}]}}