{"id":9875,"date":"2025-08-05T12:35:12","date_gmt":"2025-08-05T12:35:12","guid":{"rendered":"https:\/\/www.112canarias.com\/112\/?p=9875"},"modified":"2025-08-05T12:35:17","modified_gmt":"2025-08-05T12:35:17","slug":"el-gobierno-pide-precaucion-a-la-poblacion-ante-un-nuevo-y-largo-episodio-de-calor-en-canarias","status":"publish","type":"post","link":"https:\/\/www.112canarias.com\/112\/el-gobierno-pide-precaucion-a-la-poblacion-ante-un-nuevo-y-largo-episodio-de-calor-en-canarias\/","title":{"rendered":"El Gobierno pide precauci\u00f3n a la poblaci\u00f3n ante un nuevo y largo episodio de calor en Canarias"},"content":{"rendered":"<blockquote><p><em>Desde ma\u00f1ana estar\u00e1 vigente la situaci\u00f3n de alerta por temperaturas m\u00e1ximas en Gran Canaria y por riesgo de incendios forestales en las islas de mayor relieve<\/em><\/p>\n<p><em>Se prev\u00e9 un progresivo aumento de las temperaturas, que se intensificar\u00e1 entre el s\u00e1bado 9 de agosto y el lunes 11<\/em><\/p>\n<p><em>Un nuevo helic\u00f3ptero de la EIRIF con base en El Hierro se ha unido a la campa\u00f1a de extinci\u00f3n, con lo que el operativo cuenta ahora con 19 medios a\u00e9reos<\/em><\/p><\/blockquote>\n<p><strong>El Gobierno de Canarias, teniendo en cuenta el progresivo aumento de las temperaturas previsto a partir del d\u00eda de hoy, en un episodio de calor m\u00e1s largo que el anterior, insiste una vez m\u00e1s a la poblaci\u00f3n que no debe olvidar poner en pr\u00e1ctica las recomendaciones de autoprotecci\u00f3n necesarias para no sufrir problemas de salud relacionados con el calor y que es fundamental evitar situaciones de riesgo que contribuyan a que se declare un incendio forestal.<\/strong><\/p>\n<p>Desde hoy, martes 5 de agosto, comenzar\u00e1 un progresivo aumento de temperaturas en todo el archipi\u00e9lago y se prev\u00e9 que sea m\u00e1s acusado entre el s\u00e1bado 9 y el lunes 11 de agosto, para descender, en principio, a partir del mi\u00e9rcoles 13.<\/p>\n<p>Atendiendo a esta informaci\u00f3n y, tras celebrar la reuni\u00f3n t\u00e9cnica de seguimiento del Plan Especial de Protecci\u00f3n Civil y Atenci\u00f3n de Emergencias por Incendios Forestales de la Comunidad Aut\u00f3noma de Canarias (INFOCA), la Direcci\u00f3n General de Emergencias ha declarado la situaci\u00f3n de alerta por riesgo de incendios forestales en las islas de El Hierro, La Palma, La Gomera, Tenerife y Gran Canaria (en las zonas situadas a m\u00e1s de 400 metros de altitud en todas las vertientes).<\/p>\n<p>La previsi\u00f3n apunta inversi\u00f3n de temperatura a cota baja y humedad relativa, de menos del 30%, a partir de unos 500 &#8211; 600 metros de altitud. Tambi\u00e9n, se espera viento general flojo a moderado en zona forestal, de componente este y sur el mi\u00e9rcoles 6, y de componente este el jueves 7 y el viernes 8.<\/p>\n<p>Durante la reuni\u00f3n del INFOCA, en la que estuvieron presentes el director general de Emergencias, Fernando Figueredo; y la jefa de servicio de Protecci\u00f3n Civil y Emergencias, Montserrat Rom\u00e1n, junto al director y responsables del 112 Canarias, adem\u00e1s de representantes de los Cabildos, se dio a conocer que el operativo contraincendios cuenta con un nuevo medio a\u00e9reo con base en El Hierro para el transporte de los Equipos de Intervenci\u00f3n y Refuerzo en Incendios Forestales (EIRIF) del Gobierno de Canarias. De esta forma, con la incorporaci\u00f3n de este helic\u00f3ptero monomotor polivalente, AW 119 Koala con capacidad para 8 personas, ascienden a 19 los recursos a\u00e9reos con los que cuenta el archipi\u00e9lago para la lucha contra los incendios forestales.<\/p>\n<p>Asimismo, en base a la informaci\u00f3n facilitada por la Agencia Estatal de Meteorolog\u00eda y otras fuentes disponibles, y en aplicaci\u00f3n del Plan Espec\u00edfico de Emergencias de Canarias por Riesgos de Fen\u00f3menos Meteorol\u00f3gicos Adversos (PEFMA) se ha actualizado la situaci\u00f3n de prealerta pasando a alerta por temperaturas m\u00e1ximas en Gran Canaria, a partir de las 10:00 horas de ma\u00f1ana, mi\u00e9rcoles 6 de agosto. Adem\u00e1s, desde la misma hora, se declara la situaci\u00f3n de prealerta por este mismo fen\u00f3meno en las islas de El Hierro, La Palma, La Gomera y Tenerife.<\/p>\n<p>Se trata de un episodio calor de larga duraci\u00f3n, que probablemente se intensificar\u00e1 el pr\u00f3ximo fin de semana. Se prev\u00e9 ligera calima y una temperatura m\u00e1xima que alcanzar\u00e1 o superar\u00e1 los 32 &#8211; 34\u00b0C en las islas occidentales y los 34 &#8211; 37\u00b0C en Gran Canaria. El calor se concentrar\u00e1 en las median\u00edas y las zonas altas y durante las madrugadas y primeras horas del d\u00eda, las temperaturas m\u00ednimas podr\u00e1n ser localmente altas, de m\u00e1s de 25\u00b0C.<\/p>\n<p><strong>Recomendaciones de autoprotecci\u00f3n<\/strong><\/p>\n<p>Ante la previsi\u00f3n meteorol\u00f3gica prevista para los pr\u00f3ximos d\u00edas, el Gobierno de Canarias recomienda a la poblaci\u00f3n, entre otros consejos, que no realice ejercicios f\u00edsicos en las horas centrales del d\u00eda, permaneciendo en lugares frescos, bebiendo mucho l\u00edquido y protegi\u00e9ndose del sol en el exterior. Adem\u00e1s, es conveniente hacer comidas ligeras y regulares y evitar el consumo de alcohol.<\/p>\n<p>En cualquier caso, se debe tener especial cuidado con las personas mayores y los menores, que son m\u00e1s vulnerables ante estos episodios de calor intenso. Si toma medicaci\u00f3n, es importante consultar con su m\u00e9dico si \u00e9sta puede influir en la termorregulaci\u00f3n o si se ha de ajustar o cambiar.<\/p>\n<p>Asimismo, para evitar que se declare un incendio forestal, es importante no tirar colillas encendidas, ni f\u00f3sforos o desperdicios en las zonas arboladas. Adem\u00e1s, no se deben lanzar voladores, petardos o artefactos que contengan fuego en zonas de peligro, aunque sea a campo raso, ni en terrenos agr\u00edcolas o en urbanizaciones rodeadas por bosques.<\/p>\n<p>Con el objetivo de proteger las viviendas, es fundamental mantener una franja limpia y libre de vegetaci\u00f3n seca y residuos a su alrededor, as\u00ed como en las parcelas que est\u00e1n sin edificar.<\/p>\n<p>Adem\u00e1s, nunca se debe acampar fuera de las zonas habilitadas para tal fin, especialmente en \u00e1reas apartadas de las v\u00edas de acceso. Asimismo, para evitar incendios es imprescindible seguir las limitaciones que establezcan los diferentes cabildos y ayuntamientos, tanto en lo referido al acceso a la zona forestal como a los trabajos que se deben evitar realizar en estas zonas hasta que finalice esta situaci\u00f3n de riesgo.<\/p>\n<p>En cualquier caso, si ve humo o fuego es fundamental llamar inmediatamente al 112.<\/p>\n<div class=\"pvc_clear\"><\/div>\n<p id=\"pvc_stats_9875\" class=\"pvc_stats all  \" data-element-id=\"9875\" style=\"\"><i class=\"pvc-stats-icon medium\" aria-hidden=\"true\"><svg aria-hidden=\"true\" focusable=\"false\" data-prefix=\"far\" data-icon=\"chart-bar\" role=\"img\" xmlns=\"http:\/\/www.w3.org\/2000\/svg\" viewBox=\"0 0 512 512\" class=\"svg-inline--fa fa-chart-bar fa-w-16 fa-2x\"><path fill=\"currentColor\" d=\"M396.8 352h22.4c6.4 0 12.8-6.4 12.8-12.8V108.8c0-6.4-6.4-12.8-12.8-12.8h-22.4c-6.4 0-12.8 6.4-12.8 12.8v230.4c0 6.4 6.4 12.8 12.8 12.8zm-192 0h22.4c6.4 0 12.8-6.4 12.8-12.8V140.8c0-6.4-6.4-12.8-12.8-12.8h-22.4c-6.4 0-12.8 6.4-12.8 12.8v198.4c0 6.4 6.4 12.8 12.8 12.8zm96 0h22.4c6.4 0 12.8-6.4 12.8-12.8V204.8c0-6.4-6.4-12.8-12.8-12.8h-22.4c-6.4 0-12.8 6.4-12.8 12.8v134.4c0 6.4 6.4 12.8 12.8 12.8zM496 400H48V80c0-8.84-7.16-16-16-16H16C7.16 64 0 71.16 0 80v336c0 17.67 14.33 32 32 32h464c8.84 0 16-7.16 16-16v-16c0-8.84-7.16-16-16-16zm-387.2-48h22.4c6.4 0 12.8-6.4 12.8-12.8v-70.4c0-6.4-6.4-12.8-12.8-12.8h-22.4c-6.4 0-12.8 6.4-12.8 12.8v70.4c0 6.4 6.4 12.8 12.8 12.8z\" class=\"\"><\/path><\/svg><\/i> <\/p>\n<div class=\"pvc_clear\"><\/div>\n<div class=\"print\"><span class=\"page_title\">P\u00e1gina: <span>El Gobierno pide precauci\u00f3n a la poblaci\u00f3n ante un nuevo y largo episodio de calor en Canarias<\/span><\/span>\n\t\t\t\t\t\t\t\t\t\t\t<span class=\"stmp_trans_date\">\u00daltima actualizaci\u00f3n: <span>05\/08\/2025 - 12:35:17<\/span><\/span>\n\t\t\t\t\t\t\t\t\t\t\t<span class=\"stmp_trans_date\">Fecha publicaci\u00f3n: <span>05\/08\/2025 - 12:35:12<\/span><\/span>\n\t\t\t\t\t\t\t\t\t\t\t<span class=\"stmp_trans_date\">Fecha creaci\u00f3n: <span>05\/08\/2025 - 12:35:12<\/span><\/span><\/div>","protected":false},"excerpt":{"rendered":"<p>Desde ma\u00f1ana estar\u00e1 vigente la situaci\u00f3n de alerta por temperaturas m\u00e1ximas en Gran Canaria y por riesgo de incendios forestales en las islas de mayor relieve Se prev\u00e9 un progresivo aumento de las temperaturas, que se intensificar\u00e1 entre el s\u00e1bado 9 de agosto y el&#8230;<\/p>\n<div class=\"pvc_clear\"><\/div>\n<p id=\"pvc_stats_9875\" class=\"pvc_stats all  \" data-element-id=\"9875\" style=\"\"><i class=\"pvc-stats-icon medium\" aria-hidden=\"true\"><svg aria-hidden=\"true\" focusable=\"false\" data-prefix=\"far\" data-icon=\"chart-bar\" role=\"img\" xmlns=\"http:\/\/www.w3.org\/2000\/svg\" viewBox=\"0 0 512 512\" class=\"svg-inline--fa fa-chart-bar fa-w-16 fa-2x\"><path fill=\"currentColor\" d=\"M396.8 352h22.4c6.4 0 12.8-6.4 12.8-12.8V108.8c0-6.4-6.4-12.8-12.8-12.8h-22.4c-6.4 0-12.8 6.4-12.8 12.8v230.4c0 6.4 6.4 12.8 12.8 12.8zm-192 0h22.4c6.4 0 12.8-6.4 12.8-12.8V140.8c0-6.4-6.4-12.8-12.8-12.8h-22.4c-6.4 0-12.8 6.4-12.8 12.8v198.4c0 6.4 6.4 12.8 12.8 12.8zm96 0h22.4c6.4 0 12.8-6.4 12.8-12.8V204.8c0-6.4-6.4-12.8-12.8-12.8h-22.4c-6.4 0-12.8 6.4-12.8 12.8v134.4c0 6.4 6.4 12.8 12.8 12.8zM496 400H48V80c0-8.84-7.16-16-16-16H16C7.16 64 0 71.16 0 80v336c0 17.67 14.33 32 32 32h464c8.84 0 16-7.16 16-16v-16c0-8.84-7.16-16-16-16zm-387.2-48h22.4c6.4 0 12.8-6.4 12.8-12.8v-70.4c0-6.4-6.4-12.8-12.8-12.8h-22.4c-6.4 0-12.8 6.4-12.8 12.8v70.4c0 6.4 6.4 12.8 12.8 12.8z\" class=\"\"><\/path><\/svg><\/i> <img loading=\"lazy\" decoding=\"async\" width=\"16\" height=\"16\" alt=\"Loading\" src=\"https:\/\/www.112canarias.com\/112\/wp-content\/plugins\/page-views-count\/ajax-loader-2x.gif\" border=0 \/><\/p>\n<div class=\"pvc_clear\"><\/div>\n","protected":false},"author":12,"featured_media":9876,"comment_status":"closed","ping_status":"open","sticky":false,"template":"","format":"standard","meta":{"footnotes":""},"categories":[9,10],"tags":[],"class_list":["post-9875","post","type-post","status-publish","format-standard","has-post-thumbnail","hentry","category-noticias","category-ultimasnoticas"],"_links":{"self":[{"href":"https:\/\/www.112canarias.com\/112\/wp-json\/wp\/v2\/posts\/9875","targetHints":{"allow":["GET"]}}],"collection":[{"href":"https:\/\/www.112canarias.com\/112\/wp-json\/wp\/v2\/posts"}],"about":[{"href":"https:\/\/www.112canarias.com\/112\/wp-json\/wp\/v2\/types\/post"}],"author":[{"embeddable":true,"href":"https:\/\/www.112canarias.com\/112\/wp-json\/wp\/v2\/users\/12"}],"replies":[{"embeddable":true,"href":"https:\/\/www.112canarias.com\/112\/wp-json\/wp\/v2\/comments?post=9875"}],"version-history":[{"count":1,"href":"https:\/\/www.112canarias.com\/112\/wp-json\/wp\/v2\/posts\/9875\/revisions"}],"predecessor-version":[{"id":9877,"href":"https:\/\/www.112canarias.com\/112\/wp-json\/wp\/v2\/posts\/9875\/revisions\/9877"}],"wp:featuredmedia":[{"embeddable":true,"href":"https:\/\/www.112canarias.com\/112\/wp-json\/wp\/v2\/media\/9876"}],"wp:attachment":[{"href":"https:\/\/www.112canarias.com\/112\/wp-json\/wp\/v2\/media?parent=9875"}],"wp:term":[{"taxonomy":"category","embeddable":true,"href":"https:\/\/www.112canarias.com\/112\/wp-json\/wp\/v2\/categories?post=9875"},{"taxonomy":"post_tag","embeddable":true,"href":"https:\/\/www.112canarias.com\/112\/wp-json\/wp\/v2\/tags?post=9875"}],"curies":[{"name":"wp","href":"https:\/\/api.w.org\/{rel}","templated":true}]}}