{"id":998,"date":"2019-04-08T10:57:46","date_gmt":"2019-04-08T10:57:46","guid":{"rendered":"http:\/\/www.112canarias.com\/112\/2019\/04\/08\/vii-jornadas-de-tecnologia-y-nuevas-emergencias-dossier-de-ponentes\/"},"modified":"2019-04-08T10:57:46","modified_gmt":"2019-04-08T10:57:46","slug":"vii-jornadas-de-tecnologia-y-nuevas-emergencias-dossier-de-ponentes","status":"publish","type":"post","link":"https:\/\/www.112canarias.com\/112\/vii-jornadas-de-tecnologia-y-nuevas-emergencias-dossier-de-ponentes\/","title":{"rendered":"VII Jornadas de Tecnolog\u00eda y Nuevas Emergencias &#8211; Dossier de Ponentes"},"content":{"rendered":"<p style=\"text-align: justify;\">\u00a0<\/p>\n<p style=\"text-align: center;\"><span style=\"color: #265b91;\"><strong><span style=\"font-family: arial, helvetica, sans-serif; font-size: large;\">\u00a0<span style=\"font-size: x-large;\">Relaci\u00f3n de Ponentes<\/span><\/span><\/strong><\/span><\/p>\n<p style=\"text-align: justify;\"><span style=\"color: #000000;\"><strong><span style=\"text-decoration: underline;\">SANDRA BARD\u00d3N MORAL<\/span><\/strong><\/span><\/p>\n<p style=\"text-align: justify;\"><em><strong>Experta en ciberseguridad. Centro de Excelencia de Cooperaci\u00f3n en Ciberdefensa de la OTAN<\/strong><\/em><span style=\"font-size: 12.16px; text-align: justify;\">\u00a0<\/span><\/p>\n<p class=\"CuerpoB\" style=\"text-align: justify;\"><a href=\"https:\/\/ccdcoe.org\/people\/sandra-bardon-moral\/\" target=\"_blank\" rel=\"noopener\"><strong>Sandra Bard\u00f3n<\/strong><\/a> es Ingeniera Superior de Telecomunicaciones y entre su formaci\u00f3n de postrado se incluye el M\u00e1ster Oficial en Seguridad de las Tecnolog\u00edas de la Informaci\u00f3n y Comunicaciones por la Universidad Europea de Madrid.<span style=\"font-size: 12.16px; text-align: justify;\">\u00a0<\/span><\/p>\n<p class=\"CuerpoB\" style=\"text-align: justify;\">Con 11 a\u00f1os de experiencia en el mundo de la Ciberseguridad, actualmente es investigadora en el <a href=\"https:\/\/ccdcoe.org\/\" target=\"_blank\" rel=\"noopener\">Centro de Excelencia de Ciberdefensa de la OTAN<\/a>. A lo largo de su carrera, ha liderado diversos proyectos en el \u00e1mbito de la Ciberseguridad y Pentesting, tanto a nivel nacional como internacional, cubriendo el dise\u00f1o, desarrollo y ejecuci\u00f3n de los mismos. Cabe destacar que es participante habitual de diversos Ciberejercicios internacionales, ha liderado t\u00e9cnicamente el primer Ciberejercicio Nacional del Mando Conjunto de Ciberdefensa, Ciberbasti\u00f3n, y es ponente habitual en conferencias de Ciberseguridad y Ciberdefensa.<\/p>\n<p style=\"text-align: justify;\"><span style=\"font-size: 12.16px;\">Adem\u00e1s, pertenece al grupo <a href=\"https:\/\/www.elmundo.es\/economia\/2016\/04\/24\/571a0f1ee5fdea4a018b4590.html\" target=\"_blank\" rel=\"noopener\">#SomosMujeresTech<\/a> que tiene como objetivo la visibilidad de la mujer en puestos de liderazgo dentro del mundo de los sectores de la tecnolog\u00eda y la innovaci\u00f3n.<\/span><\/p>\n<ul style=\"text-align: justify;\">\n<li><strong>Ponencia:<\/strong><\/li>\n<\/ul>\n<p style=\"text-align: justify;\"><span style=\"color: #ff6600;\"><strong>\u201cLos nuevos escenarios de la prevenci\u00f3n\u2026 en digital\u201d<\/strong><\/span><\/p>\n<p style=\"text-align: justify;\">\u00a0<span style=\"font-size: 12.16px;\">La seguridad en los Sistemas de Control Industrial toma cada vez m\u00e1s relevancia, ya que el impacto producido por un ataque a estos sistemas en una ciudad o incluso en un pa\u00eds entero podr\u00eda ser catastr\u00f3fico. Investigar en este terreno, as\u00ed como entrenarse exactamente como en la vida real, tanto a nivel defensivo como ofensivo, es vital. \u00bfQu\u00e9 ocurrir\u00eda si no estamos preparados?<\/span><\/p>\n<p style=\"text-align: justify;\"><span style=\"font-size: 12.16px;\"><\/span><\/p>\n<hr \/>\n<p style=\"text-align: justify;\">\u00a0<\/p>\n<p style=\"text-align: justify;\"><strong><span style=\"text-decoration: underline;\"><strong><span><img decoding=\"async\" src=\"https:\/\/www.112canarias.com\/112\/wp-content\/uploads\/2022\/04\/greenmark.jpg\" border=\"0\" alt=\"Indicativo Ponente\" title=\"Ponente\" \/><\/span><\/strong>SANTIAGO GONZ\u00c1LEZ GONZ\u00c1LEZ<\/span><\/strong><\/p>\n<p style=\"text-align: justify;\"><strong>Analista del CNPIC<\/strong><span style=\"font-size: 12.16px; text-align: justify;\">\u00a0<\/span><\/p>\n<p class=\"CuerpoB\" style=\"text-align: justify;\"><a href=\"https:\/\/es.linkedin.com\/in\/santiago-g-gonzalez\" target=\"_blank\" rel=\"noopener\">Santiago Gonz\u00e1lez Gonz\u00e1lez<\/a>, Analista en el Centro Nacional para la Protecci\u00f3n de las Infraestructuras Cr\u00edticas (CNPIC), de la Secretar\u00eda de Estado de Seguridad del Ministerio del Interior. Doctor en Ingenier\u00eda de Sistemas y Control (Ciberseguridad industrial), m\u00e1ster de Postgrado en Ingenier\u00eda de Sistema y Control y director de Seguridad. Actualmente es tambi\u00e9n Director adjunto del curso de experto Universitario \u201cCiberseguridad en Sistemas de Control Industrial ICS \/ SCADA\u201d. Forma parte del Centro de Ciberseguridad Industrial como miembro experto en infraestructuras cr\u00edticas.<span style=\"font-size: 12.16px;\">\u00a0<\/span><\/p>\n<p style=\"text-align: justify;\"><strong><span style=\"text-decoration: underline;\"><strong><span><img decoding=\"async\" src=\"https:\/\/www.112canarias.com\/112\/wp-content\/uploads\/2022\/04\/greenmark.jpg\" border=\"0\" alt=\"Indicativo Ponente\" title=\"Ponente\" \/><\/span><\/strong>JES\u00daS \u00c1NGEL CASTA\u00d1O TREV\u00cdN<\/span><\/strong><\/p>\n<p style=\"text-align: justify;\"><strong>Analista del Servicio de Ciberseguridad del CNPIC<\/strong><\/p>\n<p style=\"text-align: justify;\">Jefe de Grupo de Innovaci\u00f3n del Centro Nacional para la Protecci\u00f3n de las Infraestructuras Cr\u00edticas (<a href=\"http:\/\/www.cnpic.es\/\" target=\"_blank\" rel=\"noopener\">CNPIC<\/a>), de la Secretar\u00eda de Estado de Seguridad del Ministerio del Interior y responsable del Grupo de An\u00e1lisis Forense de Criminal\u00edstica de la Jefatura Superior de Polic\u00eda de Asturias. Subinspector de la Polic\u00eda Nacional y Grado Universitario en Ciencias Policiales. Adem\u00e1s, es Diplomado Superior en Investigaci\u00f3n de Incendios y Perito Inform\u00e1tico Judicial y experto en an\u00e1lisis forense de dispositivos m\u00f3viles. Ha ejercido como jefe de turno de la Sala 091 y Administrador del Centro Operativo Complejo (COC) de Asturias.<\/p>\n<ul style=\"text-align: justify;\">\n<li><strong>Ponencia conjunta:<\/strong><\/li>\n<\/ul>\n<p style=\"text-align: justify;\"><span style=\"color: #ff6600;\"><strong>\u201cLas amenazas que vienen\u2026 y las que ya est\u00e1n\u201d<\/strong><\/span><\/p>\n<p style=\"text-align: justify;\"><span style=\"font-size: 12.16px;\">En su ponencia analizar\u00e1n como el internet de las cosas irrumpe de forma ineludible en todos los \u00e1mbitos, incluidos los entornos industriales de nuestras infraestructuras cr\u00edticas.<\/span><\/p>\n<p style=\"text-align: justify;\"><span style=\"font-size: 12.16px;\"><img loading=\"lazy\" decoding=\"async\" src=\"https:\/\/pbs.twimg.com\/media\/D6CJhpuXkAALaHQ.jpg\" border=\"0\" alt=\"Santiago Gonz\u00e1lez y Jes\u00fas Casta\u00f1o\" title=\"Santiago Gonz\u00e1lez y Jes\u00fas Casta\u00f1o\" width=\"650\" height=\"434\" \/><\/span><\/p>\n<hr \/>\n<p style=\"text-align: justify;\">\u00a0<\/p>\n<p style=\"text-align: justify;\"><strong><span style=\"text-decoration: underline;\"><strong><span><img decoding=\"async\" src=\"https:\/\/www.112canarias.com\/112\/wp-content\/uploads\/2022\/04\/greenmark.jpg\" border=\"0\" alt=\"Indicativo Ponente\" title=\"Ponente\" \/><\/span><\/strong>AGUST\u00cdN VALENCIA GIL &#8211; ORTEGA<\/span><\/strong><\/p>\n<p style=\"text-align: justify;\"><strong>Responsable de Seguridad Global, Iberdrola<\/strong><\/p>\n<p style=\"text-align: justify;\">Ingeniero industrial, director de seguridad y Master en Ciberseguridad con experiencia en Ingenier\u00eda, Operaci\u00f3n y Mantenimiento, tanto en el sector de generaci\u00f3n de ciclos combinados como nuclear. Durante seis a\u00f1os ha trabajado como responsable de sistemas de control, comunicaciones y ciberseguridad en la <a href=\"https:\/\/es.wikipedia.org\/wiki\/Central_nuclear_de_Cofrentes\" target=\"_blank\" rel=\"noopener\">Central Nuclear de Cofrentes<\/a> y desde 2017 es responsable de ciberseguridad global OT para la corporaci\u00f3n Iberdrola.<\/p>\n<ul style=\"text-align: justify;\">\n<li><strong>Ponencia:<\/strong><\/li>\n<\/ul>\n<p style=\"text-align: justify;\"><span style=\"color: #ff6600;\"><strong>\u201cUna visi\u00f3n corporativa desde un entorno cr\u00edtico\u201d<\/strong><\/span><\/p>\n<p style=\"text-align: justify;\">En su ponencia hace un an\u00e1lisis de la evoluci\u00f3n de la gesti\u00f3n de emergencias con la tecnolog\u00eda, los impactos de \u00e9sta y la integraci\u00f3n de la ciberseguridad en la respuesta a emergencias en una empresa como Iberdrola.<\/p>\n<p style=\"text-align: justify;\"><img loading=\"lazy\" decoding=\"async\" src=\"https:\/\/pbs.twimg.com\/media\/D6CRjnKX4AEhRF3.jpg:large\" border=\"0\" alt=\"Agust\u00edn Valencia\" title=\"Agust\u00edn Valencia\" width=\"650\" height=\"434\" \/><\/p>\n<hr \/>\n<p style=\"text-align: justify;\">\u00a0<\/p>\n<p style=\"text-align: justify;\"><strong><span style=\"text-decoration: underline;\"><strong><span><img decoding=\"async\" src=\"https:\/\/www.112canarias.com\/112\/wp-content\/uploads\/2022\/04\/greenmark.jpg\" border=\"0\" alt=\"Indicativo Ponente\" title=\"Ponente\" \/><\/span><\/strong>LUIS ALBERTO GARC\u00cdA<\/span><\/strong><\/p>\n<p style=\"text-align: justify;\"><strong>Catedr\u00e1tico de Psicolog\u00eda de la Universidad de La Laguna<\/strong><\/p>\n<p style=\"text-align: justify;\"><strong>Ponencia:<\/strong><\/p>\n<p style=\"text-align: justify;\"><span style=\"color: #ff6600;\"><strong>\u201cObservatorio de seguridad y pensamiento estrat\u00e9gico \u201c<\/strong><\/span><\/p>\n<p style=\"text-align: justify;\">La ponencia profundiza sobre la creaci\u00f3n del \u201cObservatorio de Seguridad P\u00fablica y pensamiento estrat\u00e9gico\u201d. Explica la necesidad e importancia de la realizaci\u00f3n de estudios de investigaci\u00f3n sobre Seguridad P\u00fablica en prevenci\u00f3n y gesti\u00f3n de emergencias a partir de la informaci\u00f3n recabada en los Centros de Emergencias 1-1-2. De esta manera, se aporta un nuevo prisma e informaci\u00f3n integral para la actuaci\u00f3n y respuesta adecuada a las demandas de la sociedad.<\/p>\n<p style=\"text-align: justify;\"><img loading=\"lazy\" decoding=\"async\" src=\"https:\/\/pbs.twimg.com\/media\/D6ChlUmW4AA7cAU.jpg:large\" border=\"0\" alt=\"Luis Alberto Garc\u00eda\" title=\"Luis Alberto Garc\u00eda\" width=\"650\" height=\"434\" \/><\/p>\n<hr \/>\n<p style=\"text-align: justify;\">\u00a0<\/p>\n<p style=\"text-align: justify;\"><strong><span style=\"text-decoration: underline;\"><strong><span><img decoding=\"async\" src=\"https:\/\/www.112canarias.com\/112\/wp-content\/uploads\/2022\/04\/greenmark.jpg\" border=\"0\" alt=\"Indicativo Ponente\" title=\"Ponente\" \/><\/span><\/strong>ALFONSO TIERNO SEP\u00daLVEDA<\/span><\/strong><\/p>\n<p style=\"text-align: justify;\"><strong>Telef\u00f3nica<\/strong><span style=\"font-size: 12.16px; text-align: justify;\">\u00a0<\/span><\/p>\n<p class=\"CuerpoB\" style=\"text-align: justify;\">Alfonso Tierno Sep\u00falveda es Experto Virtualization Strategy &amp; Technology de Telef\u00f3nica. Ingeniero de Telecomunicaci\u00f3n por la Universidad Polit\u00e9cnica de Valencia e Ingeniero T\u00e9cnico en electr\u00f3nica por la Universidad Polit\u00e9cnica de Madrid, trabaja desde el a\u00f1o 1999 en Telef\u00f3nica en el desarrollo de algoritmos en decodificaci\u00f3n de comunicaciones m\u00f3viles (GSM. 3G). Desde 2011 trabaja en la vitualizaci\u00f3n de red con tecnolog\u00edas como openstack y desde 2017 en el dise\u00f1o de software de sensores para internet de las cosas con tecnolog\u00eda Zigbee y protocolo IEEE802. 15.4. En la actualidad lidera y contribuye activamente en el proyecto Open Source Mano para virtualizaci\u00f3n de red.<\/p>\n<ul style=\"text-align: justify;\">\n<li><strong>Ponencia:<\/strong><\/li>\n<\/ul>\n<p style=\"text-align: justify;\"><span style=\"color: #ff6600;\"><strong>\u201c5G Orchestration with Open Source Mano\u201d<\/strong><\/span><\/p>\n<p style=\"text-align: justify;\"><span style=\"font-size: 12.16px;\">En su ponencia describe brevemente la tecnolog\u00eda 5G y porqu\u00e9 se hace un despliegue virtualizado del mismo. Adem\u00e1s, presentar\u00e1 el proyecto Open Source Mano como herramienta para orquestar un servicio 5G adaptado a necesidades concretas, por ejemplo, a emergencias 112. Finalmente presentar\u00e1 la demostraci\u00f3n hecha en pasado Mobile World Congress de Barcelona.<\/span><\/p>\n<p style=\"text-align: justify;\"><span style=\"font-size: 12.16px;\"><img loading=\"lazy\" decoding=\"async\" src=\"https:\/\/pbs.twimg.com\/media\/D6CndEaW0AAniRC.jpg:large\" border=\"0\" alt=\"Alfonso Tierno Sep\u00falveda\" title=\"Alfonso Tierno Sep\u00falveda \" width=\"650\" height=\"434\" \/><\/span><\/p>\n<hr \/>\n<p style=\"text-align: justify;\">\u00a0<\/p>\n<p style=\"text-align: justify;\"><strong><span style=\"text-decoration: underline;\"><strong><span><img decoding=\"async\" src=\"https:\/\/www.112canarias.com\/112\/wp-content\/uploads\/2022\/04\/greenmark.jpg\" border=\"0\" alt=\"Indicativo Ponente\" title=\"Ponente\" \/><\/span><\/strong>ROBERTO GARC\u00cdA<\/span><\/strong><\/p>\n<p style=\"text-align: justify;\"><strong>Ambar Telecomunicaciones<\/strong><\/p>\n<p style=\"text-align: justify;\">Roberto Garc\u00eda Garc\u00eda, Ingeniero de Telecomunicaciones por la Universidad de Cantabria y EMBA por la Business School ESIC. Ha trabajado como ingeniero de investigaci\u00f3n en la Universidad de Cantabria, en el Grupo de Ingenier\u00eda Fot\u00f3nica, y como desarrollador en Semicrol antes de incorporarse en 2003 a Ambar Telecomunicaciones.<\/p>\n<p style=\"text-align: justify;\">Posee formaci\u00f3n en tecnolog\u00edas de la informaci\u00f3n en diferentes campos y amplios conocimientos de infraestructuras cr\u00edticas y de CPDs. Desde la direcci\u00f3n de la compa\u00f1\u00eda ha liderado la implantaci\u00f3n de proyectos relevantes en m\u00faltiples corporaciones p\u00fablicas y privadas.<\/p>\n<ul style=\"text-align: justify;\">\n<li><strong>Ponencia:<\/strong>\u00a0<\/li>\n<\/ul>\n<p style=\"text-align: justify;\"><span style=\"color: #ff6600;\"><strong>\u201cCentro de proceso de datos en entornos cr\u00edticos: protegiendo a los que nos protegen\u201d<\/strong><\/span><\/p>\n<p style=\"text-align: justify;\">En su ponencia explicar\u00e1 la importancia de los Centros de Proceso de Datos para los entornos m\u00e1s cr\u00edticos, as\u00ed como los elementos que componen los mismos y las decisiones estrat\u00e9gicas a tomar cuando se decide implementar o remodelar uno.<\/p>\n<p style=\"text-align: justify;\"><img loading=\"lazy\" decoding=\"async\" src=\"https:\/\/pbs.twimg.com\/media\/D6CtIPDW4AAdJqQ.jpg:large\" border=\"0\" alt=\"Roberto Garc\u00eda\" title=\"Roberto Garc\u00eda\" width=\"650\" height=\"434\" \/><\/p>\n<hr \/>\n<p style=\"text-align: justify;\">\u00a0<\/p>\n<p style=\"text-align: justify;\"><strong><span style=\"text-decoration: underline;\"><strong><span><img decoding=\"async\" src=\"https:\/\/www.112canarias.com\/112\/wp-content\/uploads\/2022\/04\/greenmark.jpg\" border=\"0\" alt=\"Indicativo Ponente\" title=\"Ponente\" \/><\/span><\/strong>JUAN MONZ\u00d3N<\/span><\/strong><\/p>\n<p style=\"text-align: justify;\"><strong>Exovite<\/strong><\/p>\n<ul style=\"text-align: justify;\">\n<li><strong>Ponencia:<\/strong><\/li>\n<\/ul>\n<p style=\"text-align: justify;\"><span style=\"color: #ff6600;\"><strong>\u201cRealidad mixta o c\u00f3mo modelar la realidad\u201d<\/strong><\/span><\/p>\n<p style=\"text-align: justify;\"><span style=\"color: #ff6600;\"><strong><img loading=\"lazy\" decoding=\"async\" src=\"https:\/\/pbs.twimg.com\/media\/D6C0XDKW4AAeopd.jpg:large\" border=\"0\" alt=\"Juan Monz\u00f3n\" title=\"Juan Monz\u00f3n\" width=\"650\" height=\"488\" \/><\/strong><\/span><\/p>\n<hr \/>\n<p style=\"text-align: justify;\">\u00a0<\/p>\n<p style=\"text-align: justify;\"><strong><span style=\"text-decoration: underline;\"><strong><span><img decoding=\"async\" src=\"https:\/\/www.112canarias.com\/112\/wp-content\/uploads\/2022\/04\/greenmark.jpg\" border=\"0\" alt=\"Indicativo Ponente\" title=\"Ponente\" \/><\/span><\/strong>JUAN ANTONIO BERMEJO<\/span><\/strong><\/p>\n<p style=\"text-align: justify;\"><strong>Jefe de Servicio de Innovaci\u00f3n, Proyectos y Sociedad de la informaci\u00f3n, \u00c1rea de Infraestructuras, Nuevas tecnolog\u00edas, Agricultura, Ganader\u00eda y Pesca. Cabildo de La Palma<\/strong><span style=\"font-size: 12.16px; text-align: justify;\">\u00a0<\/span><\/p>\n<p style=\"text-align: justify;\">Juan Antonio Bermejo es Licenciado en Ciencias Biol\u00f3gicas por la Universidad de La Laguna, M\u00e1ster en Cartograf\u00eda, Teledetecci\u00f3n y SIG por la Universidad de Alcal\u00e1 de Henares; Postgrado en Teledetecci\u00f3n y SIG aplicados al estudio de los recursos naturales por la Universidad Nacional de Lujan-Argentina; Master en BigData &amp; Business Intelligence por la Escuela de Organizaci\u00f3n Industrial (EOI). \u00a0Adem\u00e1s, se form\u00f3 en el Dpto. de Bot\u00e1nica de la Universidad de La Laguna donde fue el responsable del SIG del Mapa de Vegetaci\u00f3n de Canarias<\/p>\n<p style=\"text-align: justify;\">Ha sido T\u00e9cnico GIS en la Fundaci\u00f3n Nacional Observatorio Ambiental Granadilla donde particip\u00f3 en el desarrollo del Repositorio de Datos Marinos Integrados de Canarias. Cuenta con m\u00e1s de 15 a\u00f1os de experiencia en SIG en Canarias y ha sido Impulsor de las IDEs en el Archipi\u00e9lago. Actualmente dirige el Proyecto ANTARES y La Palma Smart Island.<\/p>\n<p style=\"text-align: justify;\"><strong><span style=\"text-decoration: underline;\"><strong><span><img decoding=\"async\" src=\"https:\/\/www.112canarias.com\/112\/wp-content\/uploads\/2022\/04\/greenmark.jpg\" border=\"0\" alt=\"Indicativo Ponente\" title=\"Ponente\" \/><\/span><\/strong>RAFAEL GARC\u00cdA MART\u00cdN<\/span><\/strong><\/p>\n<p style=\"text-align: justify;\"><strong>T\u00e9cnico de Emergencias del Servicio de Medio Ambiente y Emergencias del Cabildo de La Palma<\/strong><\/p>\n<p style=\"text-align: justify;\">Rafael Garc\u00eda es Ingeniero de Montes por la Universidad Polit\u00e9cnica de Madrid y M\u00e1ster en gesti\u00f3n y control ambiental por la misma Universidad y M\u00e1ster en Protecci\u00f3n Civil y Gesti\u00f3n de Emergencias por la Universidad de Valencia. Adem\u00e1s a realizado el postgrado espcialista SIG por la Universidad Polit\u00e9cnica de Madrid.<\/p>\n<p style=\"text-align: justify;\">Actualmente es funcionario interino ocupando la plaza de t\u00e9cnico de emergencia de la isla de La Palma y realiza funciones de organizaci\u00f3n del Centro de Coordinaci\u00f3n Operativo Insular (CECOPIN) de La Palma y coordinaci\u00f3n de las emergencias y eventos con repercusi\u00f3n en la protecci\u00f3n civil de la Isla. Ha trabajado como t\u00e9cnico BRIF en las Brigadas de Refuerzo de Incendios Forestales del Ministerio de Medio Ambiente, como t\u00e9cnico de Brigada Helitransportada contra incendios forestales en la Pen\u00ednsula y como t\u00e9cnico de los equipos de prevenci\u00f3n de incendios forestales del Ministerio de Medio Ambiente en Canarias.<\/p>\n<ul style=\"text-align: justify;\">\n<li><strong>Ponencia conjunta:<\/strong><\/li>\n<\/ul>\n<p style=\"text-align: justify;\"><span style=\"color: #ff6600;\"><strong>\u201cMeteo La Palma: Una soluci\u00f3n al servicio de las emergencias\u201d<\/strong><\/span><\/p>\n<p class=\"TableParagraph\" style=\"text-align: justify;\">En su ponencia presenta los principales avances de <strong>Meteo La Palma<\/strong>, una soluci\u00f3n tecnol\u00f3gica colaborativa que forma parte del Proyecto La Palma Smart Island del Cabildo Insular de La Palma.<\/p>\n<p class=\"TableParagraph\" style=\"text-align: justify;\">Meteo La Palma es una aplicaci\u00f3n web que muestra en tiempo real distintos mapas e \u00edndices meteorol\u00f3gicos de la isla de La Palma y puede ser consultada por cualquier persona que quiera estar informada de la meteorolog\u00eda de la isla en tiempo real.<\/p>\n<p class=\"TableParagraph\" style=\"text-align: justify;\">En su ponencia dan a conocer otros avances tecnol\u00f3gicos relacionados con las emergencias como las webcam, el hub de integraci\u00f3n y la App corporativa.<\/p>\n<p class=\"TableParagraph\" style=\"text-align: justify;\"><img loading=\"lazy\" decoding=\"async\" src=\"https:\/\/pbs.twimg.com\/media\/D6C7MNJWAAANdht.jpg:large\" border=\"0\" alt=\"Juan Antonio Bermejo y Rafael Garg\u00eda\" title=\"Juan Antonio Bermejo y Rafael Garg\u00eda\" width=\"650\" height=\"434\" \/><\/p>\n<hr \/>\n<p class=\"TableParagraph\" style=\"text-align: justify;\">\u00a0<\/p>\n<p style=\"text-align: justify;\"><strong><span style=\"text-decoration: underline;\"><strong><span><img decoding=\"async\" src=\"https:\/\/www.112canarias.com\/112\/wp-content\/uploads\/2022\/04\/greenmark.jpg\" border=\"0\" alt=\"Indicativo Ponente\" title=\"Ponente\" \/><\/span><\/strong>FLORENCIO L\u00d3PEZ<\/span><\/strong><\/p>\n<p style=\"text-align: justify;\"><strong>Jefe de Servicio de Protecci\u00f3n Civil y Atenci\u00f3n de Emergencias. Direcci\u00f3n General de Seguridad y Emergencias del Gobierno de Canarias<\/strong><\/p>\n<p style=\"text-align: justify;\">Florencio L\u00f3pez es Ingeniero de Montes con 25 a\u00f1os de experiencia como aut\u00f3nomo, empresas forestales y Administraciones de \u00e1mbito estatal, insular y auton\u00f3mica. La mayor parte de la trayectoria profesional ha estado ligada a la gesti\u00f3n de incendios forestales, tanto en el \u00e1mbito Administrativo, gesti\u00f3n de emergencias y formaci\u00f3n. Tras 17 a\u00f1os en el Cabildo Insular de Tenerife, desde junio de 2017 es Jefe de Servicio de Protecci\u00f3n Civil del Gobierno de Canarias. Acumula una amplia experiencia en gesti\u00f3n de programas preventivos y en operaciones en m\u00e1s de 20 grandes emergencias relacionadas con incendios forestales, fen\u00f3menos meteorol\u00f3gicos y contaminaci\u00f3n marina, entre otras.<\/p>\n<ul style=\"text-align: justify;\">\n<li><strong>Ponencia:<\/strong><\/li>\n<\/ul>\n<p style=\"text-align: justify;\"><span style=\"color: #ff6600;\"><strong>\u201cAlert4you &#8211; El final de un largo camino para mejorar la seguridad de los ciudadanos\u201d<\/strong><\/span><\/p>\n<p style=\"text-align: justify;\">El proyecto Alert4you, financiado por el programa INTERREG MAC tiene por objeto la creaci\u00f3n de un sistema de comunicaciones, multicanal y multi-idioma, para la gesti\u00f3n de informaci\u00f3n de seguridad a residentes y turistas. Lopez explica los diferentes componentes del proyecto, deteni\u00e9ndose especialmente en las capacidades de la plataforma tecnol\u00f3gica que se est\u00e1 desarrollando.<\/p>\n<p style=\"text-align: justify;\"><img loading=\"lazy\" decoding=\"async\" src=\"https:\/\/pbs.twimg.com\/media\/D6DgC6cW4AEYzYn.jpg:large\" border=\"0\" alt=\"Florencio L\u00f3pez\" title=\"Florencio L\u00f3pez\" width=\"650\" height=\"434\" \/><\/p>\n<hr \/>\n<p style=\"text-align: justify;\">\u00a0<\/p>\n<p style=\"text-align: justify;\"><strong><span style=\"text-decoration: underline;\"><strong><span><img decoding=\"async\" src=\"https:\/\/www.112canarias.com\/112\/wp-content\/uploads\/2022\/04\/greenmark.jpg\" border=\"0\" alt=\"Indicativo Ponente\" title=\"Ponente\" \/><\/span><\/strong>DAVID ALGOBIA PA\u00cdNO<\/span><\/strong><\/p>\n<p style=\"text-align: justify;\"><strong>Responsable de l\u00ednea de negocio de emergencias &#8211; IECISA<\/strong><\/p>\n<p class=\"CuerpoB\" style=\"text-align: justify;\"><strong>David Algobia Pa\u00edno <\/strong>es director desde 2014 del proyecto de ambulancia conectada para el servicio de Emergencias M\u00e9dicas de la Generalitat de Catalu\u00f1a. Esto incluye el posicionamiento, seguimiento y sincronizaci\u00f3n de incidentes entre el Centro de Coordinaci\u00f3n y los veh\u00edculos, la implantaci\u00f3n de la estaci\u00f3n cl\u00ednica de emergencias y comunicaci\u00f3n por CCTV entre mandos y asistencia en cabina. De 2016 a 2017 fue director de la oficina de proyecto para la implantaci\u00f3n, suministro y mantenimiento de sistemas de informaci\u00f3n para el transporte sanitario urgente y planificado.<\/p>\n<ul style=\"text-align: justify;\">\n<li><strong>Ponencia:<\/strong><\/li>\n<\/ul>\n<p style=\"text-align: justify;\"><span style=\"color: #ff6600;\"><strong>\u201cImpacto de las nuevas tecnolog\u00edas de comunicaci\u00f3n en las emergencias sanitarias\u201d<\/strong><\/span><\/p>\n<p style=\"text-align: justify;\">En su ponencia pondr\u00e1 en valor las nuevas tecnolog\u00edas dentro de la gesti\u00f3n de incidentes en los Centros de Coordinaci\u00f3n 1-1-2 y emergencias sanitarias. Asimismo, nos hablar\u00e1 sobre la experiencia de la ambulancia conectada en el Servicio de Emergencias M\u00e9dicas de Catalu\u00f1a.<\/p>\n<p style=\"text-align: justify;\"><img loading=\"lazy\" decoding=\"async\" src=\"https:\/\/pbs.twimg.com\/media\/D6DnBW7XoAAgtv9.jpg:large\" border=\"0\" alt=\"David Algobia Pa\u00edno\" title=\"David Algobia Pa\u00edno\" width=\"650\" height=\"434\" \/><\/p>\n<hr \/>\n<p style=\"text-align: justify;\">\u00a0<\/p>\n<p style=\"text-align: justify;\"><strong><span style=\"text-decoration: underline;\"><strong><span><img decoding=\"async\" src=\"https:\/\/www.112canarias.com\/112\/wp-content\/uploads\/2022\/04\/greenmark.jpg\" border=\"0\" alt=\"Indicativo Ponente\" title=\"Ponente\" \/><\/span><\/strong>ESTEFAN\u00cdA GONZ\u00c1LEZ ESTEBAN<\/span><\/strong><\/p>\n<p style=\"text-align: justify;\"><strong>Consultora en Laycos Network<\/strong><\/p>\n<p style=\"text-align: justify;\">Profesora de formaci\u00f3n y consultora de Transformaci\u00f3n Digital de Profesi\u00f3n. Su labor consiste en ayudar a las organizaciones en el proceso de cambio hacia lo digital. Es decir, reingenier\u00eda de procesos, innov\u00e1ndolos y adapt\u00e1ndolos a la era digital a trav\u00e9s de Laycos.<span style=\"font-size: 12.16px; text-align: justify;\">\u00a0<\/span><\/p>\n<p style=\"text-align: justify;\"><strong><span style=\"text-decoration: underline;\"><strong><span><img decoding=\"async\" src=\"https:\/\/www.112canarias.com\/112\/wp-content\/uploads\/2022\/04\/greenmark.jpg\" border=\"0\" alt=\"Indicativo Ponente\" title=\"Ponente\" \/><\/span><\/strong>LAURA COBAS<\/span><\/strong><\/p>\n<p style=\"text-align: justify;\"><strong>T\u00e9cnico en Gesti\u00f3n de Servicios para la salud y Seguridad en Canarias<\/strong><\/p>\n<p style=\"text-align: justify;\">Licenciada en Pedagog\u00eda y especializada desde hace 16 a\u00f1os en el \u00e1mbito de la Seguridad y Emergencias, la experiencia de estos a\u00f1os desempe\u00f1ando distintos perfiles operativos en el CECOES 1-1-2, me ha proporcionado el desarrollo de un perfil multifuncional. Actualmente ejerzo mi funci\u00f3n como T\u00e9cnico de Gesti\u00f3n, optimizando la gesti\u00f3n del Centro Coordinador.<\/p>\n<ul style=\"text-align: justify;\">\n<li><strong>Ponencia conjunta:<\/strong><\/li>\n<\/ul>\n<p style=\"text-align: justify;\"><span style=\"color: #ff6600;\"><strong>\u201cUn cambio disruptivo en la gesti\u00f3n interna del CECOES 1-1-2\u201d<\/strong><\/span><\/p>\n<p style=\"text-align: justify;\">La ponencia expone lo que es Laycos, una herramienta que est\u00e1 cambiando la filosof\u00eda de trabajo, ya que centraliza en un solo lugar toda la informaci\u00f3n, archivos, agenda, proyectos, flujos de trabajo, etc que mueven a diario las empresas. Laycos pretende facilitar el trabajo en equipo, acortando y optimizando los tiempos de respuesta. En el caso del CECOES 1-1-2, esta herramienta asegura la comunicaci\u00f3n y potencia la gesti\u00f3n administrativa-operativa en las Salas Operativas simplificando el trabajo diario, con la finalidad de optimizar la prestaci\u00f3n del servicio encomendado en la actualidad.<\/p>\n<p style=\"text-align: justify;\"><img loading=\"lazy\" decoding=\"async\" src=\"https:\/\/pbs.twimg.com\/media\/D6DxVw8WkAEEg8u.jpg:large\" border=\"0\" alt=\"Estefan\u00eda Gonz\u00e1lez de @Laycos_ES y Laura Cobas @112canarias\" title=\"Estefan\u00eda Gonz\u00e1lez de @Laycos_ES y Laura Cobas @112canarias\" width=\"650\" height=\"867\" \/><\/p>\n<hr \/>\n<p style=\"text-align: justify;\">\u00a0<\/p>\n<p style=\"text-align: justify;\"><strong><span style=\"text-decoration: underline;\"><strong><span><img decoding=\"async\" src=\"https:\/\/www.112canarias.com\/112\/wp-content\/uploads\/2022\/04\/greenmark.jpg\" border=\"0\" alt=\"Indicativo Ponente\" title=\"Ponente\" \/><\/span><\/strong>SERGIO FERRERA DIEGO\u00a0<\/span><\/strong><\/p>\n<p style=\"text-align: justify;\"><strong><span style=\"text-decoration: underline;\"><strong><span><img decoding=\"async\" src=\"https:\/\/www.112canarias.com\/112\/wp-content\/uploads\/2022\/04\/greenmark.jpg\" border=\"0\" alt=\"Indicativo Ponente\" title=\"Ponente\" \/><\/span><\/strong>JUAN JESUS PADR\u00d3N HERN\u00c1NDEZ<\/span><\/strong><\/p>\n<p style=\"text-align: justify;\">Ambos son estudiantes de \u00faltimo curso de ingenier\u00eda inform\u00e1tica en la Universidad de la Laguna.<\/p>\n<ul style=\"text-align: justify;\">\n<li><strong>Ponencia conjunta:<\/strong><\/li>\n<\/ul>\n<p style=\"text-align: justify;\"><span style=\"color: #ff6600;\"><strong>\u201cBlockchain: aplicaciones innovadoras para la trazabilidad de la informaci\u00f3n cr\u00edtica\u201d<\/strong><\/span><\/p>\n<p style=\"text-align: justify;\">En su ponencia explican algunos conceptos b\u00e1sicos del funcionamiento de <a href=\"https:\/\/es.wikipedia.org\/wiki\/Cadena_de_bloques\" target=\"_blank\" rel=\"noopener\">Blockchain<\/a>, as\u00ed como sus ventajas e inconvenientes y una serie de ejemplos sobre su uso. Adem\u00e1s, adelantan algunos detalles sobre el trabajo de fin de grado que est\u00e1n desarrollo, basado en Smart Contracts en colaboraci\u00f3n con el GSC y el 1-1-2 Canarias.<\/p>\n<p style=\"text-align: justify;\"><strong style=\"text-align: left; font-size: 12.16px;\"><span style=\"color: #115587; font-size: small;\">\u00a0<img loading=\"lazy\" decoding=\"async\" src=\"https:\/\/pbs.twimg.com\/media\/D6D3shyX4AILmAE.jpg:large\" border=\"0\" alt=\"Juan Jes\u00fas Padr\u00f3n y Sergio Ferrera\" title=\"Juan Jes\u00fas Padr\u00f3n y Sergio Ferrera\" width=\"650\" height=\"434\" \/><\/span><\/strong><\/p>\n<p style=\"text-align: left;\"><strong><span style=\"color: #115587; font-size: small;\">\u00a0<\/span><\/strong><\/p>\n<p style=\"text-align: justify;\">\u00a0<\/p>\n<div class=\"pvc_clear\"><\/div>\n<p id=\"pvc_stats_998\" class=\"pvc_stats all  \" data-element-id=\"998\" style=\"\"><i class=\"pvc-stats-icon medium\" aria-hidden=\"true\"><svg aria-hidden=\"true\" focusable=\"false\" data-prefix=\"far\" data-icon=\"chart-bar\" role=\"img\" xmlns=\"http:\/\/www.w3.org\/2000\/svg\" viewBox=\"0 0 512 512\" class=\"svg-inline--fa fa-chart-bar fa-w-16 fa-2x\"><path fill=\"currentColor\" d=\"M396.8 352h22.4c6.4 0 12.8-6.4 12.8-12.8V108.8c0-6.4-6.4-12.8-12.8-12.8h-22.4c-6.4 0-12.8 6.4-12.8 12.8v230.4c0 6.4 6.4 12.8 12.8 12.8zm-192 0h22.4c6.4 0 12.8-6.4 12.8-12.8V140.8c0-6.4-6.4-12.8-12.8-12.8h-22.4c-6.4 0-12.8 6.4-12.8 12.8v198.4c0 6.4 6.4 12.8 12.8 12.8zm96 0h22.4c6.4 0 12.8-6.4 12.8-12.8V204.8c0-6.4-6.4-12.8-12.8-12.8h-22.4c-6.4 0-12.8 6.4-12.8 12.8v134.4c0 6.4 6.4 12.8 12.8 12.8zM496 400H48V80c0-8.84-7.16-16-16-16H16C7.16 64 0 71.16 0 80v336c0 17.67 14.33 32 32 32h464c8.84 0 16-7.16 16-16v-16c0-8.84-7.16-16-16-16zm-387.2-48h22.4c6.4 0 12.8-6.4 12.8-12.8v-70.4c0-6.4-6.4-12.8-12.8-12.8h-22.4c-6.4 0-12.8 6.4-12.8 12.8v70.4c0 6.4 6.4 12.8 12.8 12.8z\" class=\"\"><\/path><\/svg><\/i> <img loading=\"lazy\" decoding=\"async\" width=\"16\" height=\"16\" alt=\"Loading\" src=\"https:\/\/www.112canarias.com\/112\/wp-content\/plugins\/page-views-count\/ajax-loader-2x.gif\" border=0 \/><\/p>\n<div class=\"pvc_clear\"><\/div>\n<div class=\"print\"><span class=\"page_title\">P\u00e1gina: <span>VII Jornadas de Tecnolog\u00eda y Nuevas Emergencias &#8211; Dossier de Ponentes<\/span><\/span>\n\t\t\t\t\t\t\t\t\t\t\t<span class=\"stmp_trans_date\">\u00daltima actualizaci\u00f3n: <span>08\/04\/2019 - 10:57:46<\/span><\/span>\n\t\t\t\t\t\t\t\t\t\t\t<span class=\"stmp_trans_date\">Fecha publicaci\u00f3n: <span>08\/04\/2019 - 10:57:46<\/span><\/span>\n\t\t\t\t\t\t\t\t\t\t\t<span class=\"stmp_trans_date\">Fecha creaci\u00f3n: <span>08\/04\/2019 - 10:57:46<\/span><\/span><\/div>","protected":false},"excerpt":{"rendered":"<p>\u00a0 \u00a0Relaci\u00f3n de Ponentes SANDRA BARD\u00d3N MORAL Experta en ciberseguridad. Centro de Excelencia de Cooperaci\u00f3n en Ciberdefensa de la OTAN\u00a0 Sandra Bard\u00f3n es Ingeniera Superior de Telecomunicaciones y entre su formaci\u00f3n de postrado se incluye el M\u00e1ster Oficial en Seguridad de las Tecnolog\u00edas de la&#8230;<\/p>\n<div class=\"pvc_clear\"><\/div>\n<p id=\"pvc_stats_998\" class=\"pvc_stats all  \" data-element-id=\"998\" style=\"\"><i class=\"pvc-stats-icon medium\" aria-hidden=\"true\"><svg aria-hidden=\"true\" focusable=\"false\" data-prefix=\"far\" data-icon=\"chart-bar\" role=\"img\" xmlns=\"http:\/\/www.w3.org\/2000\/svg\" viewBox=\"0 0 512 512\" class=\"svg-inline--fa fa-chart-bar fa-w-16 fa-2x\"><path fill=\"currentColor\" d=\"M396.8 352h22.4c6.4 0 12.8-6.4 12.8-12.8V108.8c0-6.4-6.4-12.8-12.8-12.8h-22.4c-6.4 0-12.8 6.4-12.8 12.8v230.4c0 6.4 6.4 12.8 12.8 12.8zm-192 0h22.4c6.4 0 12.8-6.4 12.8-12.8V140.8c0-6.4-6.4-12.8-12.8-12.8h-22.4c-6.4 0-12.8 6.4-12.8 12.8v198.4c0 6.4 6.4 12.8 12.8 12.8zm96 0h22.4c6.4 0 12.8-6.4 12.8-12.8V204.8c0-6.4-6.4-12.8-12.8-12.8h-22.4c-6.4 0-12.8 6.4-12.8 12.8v134.4c0 6.4 6.4 12.8 12.8 12.8zM496 400H48V80c0-8.84-7.16-16-16-16H16C7.16 64 0 71.16 0 80v336c0 17.67 14.33 32 32 32h464c8.84 0 16-7.16 16-16v-16c0-8.84-7.16-16-16-16zm-387.2-48h22.4c6.4 0 12.8-6.4 12.8-12.8v-70.4c0-6.4-6.4-12.8-12.8-12.8h-22.4c-6.4 0-12.8 6.4-12.8 12.8v70.4c0 6.4 6.4 12.8 12.8 12.8z\" class=\"\"><\/path><\/svg><\/i> <img loading=\"lazy\" decoding=\"async\" width=\"16\" height=\"16\" alt=\"Loading\" src=\"https:\/\/www.112canarias.com\/112\/wp-content\/plugins\/page-views-count\/ajax-loader-2x.gif\" border=0 \/><\/p>\n<div class=\"pvc_clear\"><\/div>\n","protected":false},"author":1,"featured_media":0,"comment_status":"open","ping_status":"open","sticky":false,"template":"","format":"standard","meta":{"footnotes":""},"categories":[14],"tags":[],"class_list":["post-998","post","type-post","status-publish","format-standard","has-post-thumbnail","hentry","category-menuscategoria"],"_links":{"self":[{"href":"https:\/\/www.112canarias.com\/112\/wp-json\/wp\/v2\/posts\/998","targetHints":{"allow":["GET"]}}],"collection":[{"href":"https:\/\/www.112canarias.com\/112\/wp-json\/wp\/v2\/posts"}],"about":[{"href":"https:\/\/www.112canarias.com\/112\/wp-json\/wp\/v2\/types\/post"}],"author":[{"embeddable":true,"href":"https:\/\/www.112canarias.com\/112\/wp-json\/wp\/v2\/users\/1"}],"replies":[{"embeddable":true,"href":"https:\/\/www.112canarias.com\/112\/wp-json\/wp\/v2\/comments?post=998"}],"version-history":[{"count":0,"href":"https:\/\/www.112canarias.com\/112\/wp-json\/wp\/v2\/posts\/998\/revisions"}],"wp:attachment":[{"href":"https:\/\/www.112canarias.com\/112\/wp-json\/wp\/v2\/media?parent=998"}],"wp:term":[{"taxonomy":"category","embeddable":true,"href":"https:\/\/www.112canarias.com\/112\/wp-json\/wp\/v2\/categories?post=998"},{"taxonomy":"post_tag","embeddable":true,"href":"https:\/\/www.112canarias.com\/112\/wp-json\/wp\/v2\/tags?post=998"}],"curies":[{"name":"wp","href":"https:\/\/api.w.org\/{rel}","templated":true}]}}